{"id":151260,"date":"2025-05-30T10:25:09","date_gmt":"2025-05-30T10:25:09","guid":{"rendered":"https:\/\/www.europesays.com\/de\/151260\/"},"modified":"2025-05-30T10:25:09","modified_gmt":"2025-05-30T10:25:09","slug":"veranstaltungen-in-duisburg-konzerte-workshops-und-comedy","status":"publish","type":"post","link":"https:\/\/www.europesays.com\/de\/151260\/","title":{"rendered":"Veranstaltungen in Duisburg: Konzerte, Workshops und Comedy"},"content":{"rendered":"<p class=\"text_ohne_einzug richtext text-em-55 !leading-serif mx-6 desktop:mx-0\">Am 1. Juni gastiert die t\u00fcrkische S\u00e4ngerin S\u0131la Gen\u00e7o\u011flu im Theater am Marientor. Die K\u00fcnstlerin ist bekannt f\u00fcr ihren musikalischen Stil, der Elemente aus Pop und elektronischer Musik verbindet. Das Konzert beginnt um 20.30 Uhr, Einlass ist ab 19 Uhr. Veranstaltet wird der Abend von Rakkas Entertainment und DasIst Event. Sila hatte sich in der <a href=\"https:\/\/rp-online.de\/thema\/tuerkei\/\" target=\"_blank\" rel=\"noopener\">T\u00fcrkei<\/a> gegen die Regierung positioniert und nach dem gescheiterten Putschversuch 2016 ihre Teilnahme bei einer Gro\u00dfkundgebung von Erdogan abgesagt. Tickets sind in verschiedenen Kategorien noch verf\u00fcgbar, die Preise beginnen ab 62 Euro. <a href=\"https:\/\/www.eventim.de\/artist\/sila\/\" target=\"_blank\" rel=\"noopener\">Erh\u00e4ltlich sind sie etwa bei Eventim.<\/a><\/p>\n<p>Sp\u00e4tschicht in der Innenstadt      <\/p>\n<p class=\"text_ohne_einzug richtext text-em-55 !leading-serif mx-6 desktop:mx-0\">Hoffentlich wird es sonnig: Am 5. Juni findet in der Duisburger Innenstadt erneut die \u201eSp\u00e4tschicht\u201c statt \u2013 ein Abendmarkt, der zum Einkaufen und Verweilen einl\u00e4dt. Von 16 bis 22 Uhr erwarten die Besucher verschiedene Streetfood-St\u00e4nde mit Speisen wie Pizza, Currywurst, Kartoffelgerichten und Spezialit\u00e4ten vom Grill. Erg\u00e4nzt wird das kulinarische Angebot durch eine Auswahl an Getr\u00e4nken, darunter Bier, Wein und alkoholfreie Alternativen. Ein wechselndes Rahmenprogramm soll zus\u00e4tzlich f\u00fcr Unterhaltung sorgen.<\/p>\n<p class=\"text_ohne_einzug richtext text-em-55 !leading-serif mx-6 desktop:mx-0\">Wissenschaft trifft Unterhaltung: Am 5. Juni findet von 18 bis 21 Uhr der Science Slam <a href=\"https:\/\/rp-online.de\/thema\/ruhr\/\" target=\"_blank\" rel=\"noopener\">Ruhr<\/a> in <a href=\"https:\/\/rp-online.de\/thema\/duisburg\/\" target=\"_blank\" rel=\"noopener\">Duisburg<\/a> statt. Anl\u00e4sslich des Welttags der Umwelt pr\u00e4sentieren Forscher auf unterhaltsame Weise ihre Themen \u2013 von Photovoltaik bis Umweltanalytik \u2013 in jeweils zehnmin\u00fctigen Beitr\u00e4gen. Ziel soll es sein, wissenschaftliche Inhalte verst\u00e4ndlich und kreativ zu vermitteln. Die Veranstaltung steht unter dem Motto \u201eWie wollen wir morgen leben?\u201c und greift die Vision auf, die gr\u00fcnste Industrieregion der Welt zu werden. Das Publikum entscheidet am Ende, welcher Beitrag gewinnt. Erg\u00e4nzend informieren der Regionalverband Ruhr (RVR) und die Internationale Gartenausstellung (IGA) 2027 \u00fcber aktuelle Projekte im Bereich Umwelt und Nachhaltigkeit. Der Eintritt ist frei, eine Anmeldung ist erforderlich.<\/p>\n<p class=\"text_ohne_einzug richtext text-em-55 !leading-serif mx-6 desktop:mx-0\">Der Quatsch-Comedy-Club kommt nach Duisburg: Am 7. Juni 2025 gastiert die bekannteste Standup-Comedy-Show im Bora am Dellplatz, mehrere K\u00fcnstlerinnen und K\u00fcnstlern nehmen teil. Ab 20 Uhr treten unter anderem Jochen Prang, Matilde Keizer, Serhat Dogan, Sertac Mutlu und Yannick de la Peche auf. Die Show wird von einem Moderator begleitet und verspricht einen abwechslungsreichen Abend mit verschiedenen Stilen der Live-Comedy. Der Eintritt kostet 36,50 Euro, Veranstaltungsende ist gegen 22.30 Uhr.<\/p>\n<p>Tr\u00f6delmarkt an der Rhein-Ruhr-Halle      <\/p>\n<p class=\"text_ohne_einzug richtext text-em-55 !leading-serif mx-6 desktop:mx-0\">Beim Entr\u00fcmpeln ein paar wertvolle Schmuckst\u00fccke entdeckt? Oder auf der Suche nach einem ganz speziellen Kleidungsst\u00fcck? Am 3. Juni findet von 6 bis 14 Uhr der Rhein-Ruhr Tr\u00f6delmarkt auf dem \u00fcberdachten Parkplatzgel\u00e4nde an der Rhein-Ruhr-Halle statt. Der Markt bietet eine Auswahl an Waren \u2013 von Kleidung und Haushaltsartikeln bis hin zu Antiquit\u00e4ten und Selbstgemachtem. F\u00fcr Aussteller gelten gestaffelte Standmieten je nach Art der Ware und Standgr\u00f6\u00dfe. Interessierte k\u00f6nnen sich per E-Mail an reservierung@kd-maerkte.de wenden, um Pl\u00e4tze zu buchen oder weitere Informationen zu erhalten.<\/p>\n<p>Mitsing-Konzert in der Kirche      <\/p>\n<p class=\"text_ohne_einzug richtext text-em-55 !leading-serif mx-6 desktop:mx-0\">Am 1. Juni findet um 17 Uhr im Kolumbarium Rheinkirche das Mitsing-Konzert No. 11 statt. Begleitet von Michael Carleton am Klavier und moderiert von Thomas Huy (Bass-Bariton) sind die Besucher eingeladen, selbst mitzusingen. Liedtexte werden vor Ort zur Verf\u00fcgung gestellt, eine musikalische Vorerfahrung ist nicht erforderlich, versprechen die Organisatoren. Der Eintritt ist frei, es wird jedoch um eine Spende gebeten. Eine Sitzplatzreservierung wird empfohlen und ist per E-Mail oder Telefon m\u00f6glich. Die Platzzahl ist auf 60 begrenzt.<\/p>\n<p class=\"text_ohne_einzug richtext text-em-55 !leading-serif mx-6 desktop:mx-0\">Eine Reise durch Fernost: Am 5. Juni bietet das Kinderkulturfestival in Duisburg von 15 bis 16 Uhr einen Origami-Workshop mit Marieke de Hoop an. Dabei lernen Kinder, wie aus einfachem Papier durch Falten Figuren wie V\u00f6gel oder Fr\u00f6sche entstehen. Der Workshop ist Teil einer zweiteiligen Reihe zur japanischen Kunst, die einen Tag sp\u00e4ter mit dem Thema Sumi-e (japanische Pinselmalerei) fortgesetzt wird. Eine Anmeldung ist nicht erforderlich, die Teilnahme ist kostenlos und die Pl\u00e4tze werden vor Ort nach Verf\u00fcgbarkeit vergeben.<\/p>\n","protected":false},"excerpt":{"rendered":"Am 1. Juni gastiert die t\u00fcrkische S\u00e4ngerin S\u0131la Gen\u00e7o\u011flu im Theater am Marientor. Die K\u00fcnstlerin ist bekannt f\u00fcr&hellip;\n","protected":false},"author":2,"featured_media":151261,"comment_status":"","ping_status":"","sticky":false,"template":"","format":"standard","meta":{"footnotes":""},"categories":[1838],"tags":[48,6329,27460,27456,27458,27459,3364,29,3715,4788,30,15107,1209,27457,9717],"class_list":{"0":"post-151260","1":"post","2":"type-post","3":"status-publish","4":"format-standard","5":"has-post-thumbnail","7":"category-duisburg","8":"tag-48","9":"tag-band","10":"tag-bandkollektiv","11":"tag-barry-white","12":"tag-brass","13":"tag-bride","14":"tag-de","15":"tag-deutschland","16":"tag-duisburg","17":"tag-euro","18":"tag-germany","19":"tag-love","20":"tag-nordrhein-westfalen","21":"tag-soul","22":"tag-uhr"},"share_on_mastodon":{"url":"https:\/\/pubeurope.com\/@de\/114596303655165063","error":""},"_links":{"self":[{"href":"https:\/\/www.europesays.com\/de\/wp-json\/wp\/v2\/posts\/151260","targetHints":{"allow":["GET"]}}],"collection":[{"href":"https:\/\/www.europesays.com\/de\/wp-json\/wp\/v2\/posts"}],"about":[{"href":"https:\/\/www.europesays.com\/de\/wp-json\/wp\/v2\/types\/post"}],"author":[{"embeddable":true,"href":"https:\/\/www.europesays.com\/de\/wp-json\/wp\/v2\/users\/2"}],"replies":[{"embeddable":true,"href":"https:\/\/www.europesays.com\/de\/wp-json\/wp\/v2\/comments?post=151260"}],"version-history":[{"count":0,"href":"https:\/\/www.europesays.com\/de\/wp-json\/wp\/v2\/posts\/151260\/revisions"}],"wp:featuredmedia":[{"embeddable":true,"href":"https:\/\/www.europesays.com\/de\/wp-json\/wp\/v2\/media\/151261"}],"wp:attachment":[{"href":"https:\/\/www.europesays.com\/de\/wp-json\/wp\/v2\/media?parent=151260"}],"wp:term":[{"taxonomy":"category","embeddable":true,"href":"https:\/\/www.europesays.com\/de\/wp-json\/wp\/v2\/categories?post=151260"},{"taxonomy":"post_tag","embeddable":true,"href":"https:\/\/www.europesays.com\/de\/wp-json\/wp\/v2\/tags?post=151260"}],"curies":[{"name":"wp","href":"https:\/\/api.w.org\/{rel}","templated":true}]}}