{"id":151266,"date":"2025-05-30T10:28:12","date_gmt":"2025-05-30T10:28:12","guid":{"rendered":"https:\/\/www.europesays.com\/de\/151266\/"},"modified":"2025-05-30T10:28:12","modified_gmt":"2025-05-30T10:28:12","slug":"studien-zeigen-gutes-hoeren-schuetzt-das-gehirn-und-foerdert-die-geistige-fitness","status":"publish","type":"post","link":"https:\/\/www.europesays.com\/de\/151266\/","title":{"rendered":"Studien zeigen: Gutes H\u00f6ren sch\u00fctzt das Gehirn und f\u00f6rdert die geistige Fitness"},"content":{"rendered":"<p class=\"date\">30.05.2025 \u2013 12:21<\/p>\n<p class=\"customer\">\n                        <a class=\"story-customer\" title=\"weiter zum newsroom von F\u00f6rdergemeinschaft Gutes H\u00f6ren (FGH)\" href=\"https:\/\/www.presseportal.de\/nr\/25206\" target=\"_blank\" rel=\"noopener\">F\u00f6rdergemeinschaft Gutes H\u00f6ren (FGH)<\/a>\n                    <\/p>\n<p><a class=\"glightbox event-trigger\" href=\"https:\/\/cache.pressmailing.net\/thumbnail\/story_hires\/b8ce6442-eeb9-460e-b5d9-50c4ca822c7c\/FGH_Garten_DSC_0732-2+%C2%A9%20marc%20theis+.jpg.jpg\" data-description=\"Moderne H\u00f6rsysteme vom H\u00f6rakustiker sind ein wesentlicher Schl\u00fcssel zu Lebensqualit\u00e4t und geistiger Gesundheit. \/ Weiterer Text \u00fcber ots und www.presseportal.de\/nr\/25206 \/ Die Verwendung dieses Bildes f\u00fcr redaktionelle Zwecke ist unter Beachtung aller mitgeteilten Nutzungsbedingungen zul\u00e4ssig und dann auch honorarfrei. Ver\u00f6ffentlichung ausschlie\u00dflich mit Bildrechte-Hinweis.\" data-category=\"medialightbox\" data-action=\"click\" data-label=\"single\" data-value=\"68398315270000fd2c965da6\" target=\"_blank\" rel=\"noopener\"><img decoding=\"async\" height=\"540\" with=\"720\" src=\"https:\/\/www.europesays.com\/de\/wp-content\/uploads\/2025\/05\/studien-zeigen-gutes-h-ren-sch-tzt-das-gehirn-und-f-rdert-die-geistige-fitness.jpeg\"   alt=\"Studien zeigen: Gutes H\u00f6ren sch\u00fctzt das Gehirn und f\u00f6rdert die geistige Fitness\" class=\"single\"\/><\/a><\/p>\n<p><a data-category=\"citylink-story-view\" data-action=\"click\" data-label=\"Citylink in Meldungsansicht\" class=\"story-city event-trigger\" href=\"https:\/\/www.presseportal.de\/regional\/Hannover\" title=\"News aus Hannover \" target=\"_blank\" rel=\"noopener\">Hannover<\/a> (ots)<\/p>\n<p> Immer mehr Studien belegen: Wer gut h\u00f6rt, bleibt geistig l\u00e4nger fit. Die Verbindung zwischen unbehandelter Schwerh\u00f6rigkeit und kognitiven Erkrankungen wie Demenz ist in der wissenschaftlichen Forschung inzwischen vielfach dokumentiert. Eine rechtzeitige Versorgung mit H\u00f6rger\u00e4ten kann helfen, das Risiko f\u00fcr geistigen Abbau zu senken &#8211; und H\u00f6rakustiker spielen dabei eine zentrale Rolle. <\/p>\n<p> Die renommierte &#8218;Lancet Commission on Dementia Prevention, Intervention, and Care&#8216; listet unbehandelte Schwerh\u00f6rigkeit bereits seit 2020 als bedeutenden Risikofaktor f\u00fcr Demenz. Forschungsergebnisse zeigen, dass Menschen mit unbehandelter H\u00f6rminderung ein bis zu f\u00fcnffach erh\u00f6htes Risiko f\u00fcr kognitive St\u00f6rungen haben, abh\u00e4ngig vom Schweregrad der H\u00f6rbeeintr\u00e4chtigung. <\/p>\n<p> Warum der H\u00f6rsinn so wichtig f\u00fcr das Gehirn ist: H\u00f6ren ist mehr als nur die Aufnahme von Schall. Es ist eine zentrale geistige Aktivit\u00e4t: Das Gehirn interpretiert Ger\u00e4usche und Sprache, filtert Informationen, reagiert auf Emotionen. Wird diese st\u00e4ndige Reizverarbeitung durch Schwerh\u00f6rigkeit gest\u00f6rt, kommt es zu einer Unterforderung des Gehirns. Gleichzeitig ziehen sich Betroffene oft aus Gespr\u00e4chen und sozialen Situationen zur\u00fcck. Soziale Isolation, ein weiterer Risikofaktor f\u00fcr Demenz, ist h\u00e4ufig die Folge. <\/p>\n<p> Moderne H\u00f6rsysteme vom H\u00f6rakustiker sind ein wesentlicher Schl\u00fcssel zu Lebensqualit\u00e4t und geistiger Gesundheit. Sie gleichen H\u00f6rverluste aus, f\u00f6rdern die Kommunikation und st\u00e4rken die soziale Teilhabe. Menschen mit versorgter Schwerh\u00f6rigkeit zeigen bessere kognitive Leistungen als unbehandelte Schwerh\u00f6rige. Eine umfassende Studie der Universit\u00e4t Bordeaux (2023) konnte konkret nachweisen, dass H\u00f6rger\u00e4tetr\u00e4ger ein signifikant geringeres Demenzrisiko haben als Menschen, die trotz Diagnose keine H\u00f6rhilfe nutzen. <\/p>\n<p> Die Versorgung mit H\u00f6rger\u00e4ten ist komplex und individuell &#8211; und erfordert Fachkompetenz. H\u00f6rakustiker sind die zentralen Ansprechpartner, wenn es darum geht, die pers\u00f6nlich richtige H\u00f6rl\u00f6sung zu finden. Sie f\u00fchren pr\u00e4zise H\u00f6rtests durch, beraten zu verschiedenen Technologien und passen H\u00f6rsysteme individuell an die Bed\u00fcrfnisse ihrer Kunden an. Auch die fortlaufende Betreuung und Nachjustierung geh\u00f6rt zum Leistungsspektrum eines professionellen H\u00f6rakustikers. <\/p>\n<p> Fazit: Fr\u00fchzeitig handeln sch\u00fctzt das Gehirn. Denn Schwerh\u00f6rigkeit ist kein harmloser Altersbegleiter. Unbehandelt kann sie gravierende Folgen f\u00fcr die geistige Fitness, das allgemeine Wohlbefinden und die Lebensqualit\u00e4t haben. Die rechtzeitige Versorgung mit H\u00f6rger\u00e4ten bietet eine wirkungsvolle M\u00f6glichkeit, kognitiv gesund \u00e4lter zu werden. Das ist wissenschaftlich belegt und praktisch erprobt. <\/p>\n<p> Ein Besuch beim H\u00f6rakustiker ist der richtige Schritt zu besserem H\u00f6ren, geistiger Fitness und mehr Lebensfreude. Als H\u00f6rexperten vor Ort stehen allen Interessierten bundesweit die FGH-Partnerakustiker zur Verf\u00fcgung. Sie bieten das gesamte Leistungsspektrum vom kostenlosen H\u00f6rtest \u00fcber Geh\u00f6r- und L\u00e4rmschutz bis zur individuellen H\u00f6rger\u00e4teanpassung. Die FGH-Partner informieren au\u00dferdem \u00fcber neueste Trends aus Technologie und H\u00f6rforschung. Zu erkennen sind sie am Ohrbogen mit dem roten Punkt. Einen Fachbetrieb in der N\u00e4he findet man unter  <a target=\"_blank\" class=\"uri-ext outbound\" rel=\"noopener\" href=\"http:\/\/www.fgh-info.de\">www.fgh-info.de<\/a><\/p>\n<p>Quellen: Livingston et al., Lancet Commission, 2020 &#8211; 2024; Amieva et al., University of Bordeaux, 2023<\/p>\n<p class=\"contact-headline\">Pressekontakt:<\/p>\n<p class=\"contact-text\">F\u00f6rdergemeinschaft Gutes H\u00f6ren GmbH<br \/>Pressekontakt: Karsten Mohr<br \/>0511\/76 333 6680 oder 0511\/76 333 666<br \/><a href=\"https:\/\/www.presseportal.de\/pm\/25206\/mailto: presse@fgh-info.de\" class=\"uri-mailto\" target=\"_blank\" rel=\"noopener\"> presse@fgh-info.de<\/a><\/p>\n<p class=\"originator\">Original-Content von: F\u00f6rdergemeinschaft Gutes H\u00f6ren (FGH), \u00fcbermittelt durch news aktuell<\/p>\n","protected":false},"excerpt":{"rendered":"30.05.2025 \u2013 12:21 F\u00f6rdergemeinschaft Gutes H\u00f6ren (FGH) Hannover (ots) Immer mehr Studien belegen: Wer gut h\u00f6rt, bleibt geistig&hellip;\n","protected":false},"author":2,"featured_media":151267,"comment_status":"","ping_status":"","sticky":false,"template":"","format":"standard","meta":{"footnotes":""},"categories":[1836],"tags":[3477,3364,1051,29,30,141,53788,53789,46,1411,178,180,179,181,11748],"class_list":{"0":"post-151266","1":"post","2":"type-post","3":"status-publish","4":"format-standard","5":"has-post-thumbnail","7":"category-hannover","8":"tag-bild","9":"tag-de","10":"tag-demenz","11":"tag-deutschland","12":"tag-germany","13":"tag-gesundheit","14":"tag-hren","15":"tag-hrgerte","16":"tag-hannover","17":"tag-niedersachsen","18":"tag-presse","19":"tag-pressemeldung","20":"tag-pressemitteilung","21":"tag-pressemitteilungen","22":"tag-studie"},"share_on_mastodon":{"url":"https:\/\/pubeurope.com\/@de\/114596315467252098","error":""},"_links":{"self":[{"href":"https:\/\/www.europesays.com\/de\/wp-json\/wp\/v2\/posts\/151266","targetHints":{"allow":["GET"]}}],"collection":[{"href":"https:\/\/www.europesays.com\/de\/wp-json\/wp\/v2\/posts"}],"about":[{"href":"https:\/\/www.europesays.com\/de\/wp-json\/wp\/v2\/types\/post"}],"author":[{"embeddable":true,"href":"https:\/\/www.europesays.com\/de\/wp-json\/wp\/v2\/users\/2"}],"replies":[{"embeddable":true,"href":"https:\/\/www.europesays.com\/de\/wp-json\/wp\/v2\/comments?post=151266"}],"version-history":[{"count":0,"href":"https:\/\/www.europesays.com\/de\/wp-json\/wp\/v2\/posts\/151266\/revisions"}],"wp:featuredmedia":[{"embeddable":true,"href":"https:\/\/www.europesays.com\/de\/wp-json\/wp\/v2\/media\/151267"}],"wp:attachment":[{"href":"https:\/\/www.europesays.com\/de\/wp-json\/wp\/v2\/media?parent=151266"}],"wp:term":[{"taxonomy":"category","embeddable":true,"href":"https:\/\/www.europesays.com\/de\/wp-json\/wp\/v2\/categories?post=151266"},{"taxonomy":"post_tag","embeddable":true,"href":"https:\/\/www.europesays.com\/de\/wp-json\/wp\/v2\/tags?post=151266"}],"curies":[{"name":"wp","href":"https:\/\/api.w.org\/{rel}","templated":true}]}}