{"id":151278,"date":"2025-05-30T10:34:12","date_gmt":"2025-05-30T10:34:12","guid":{"rendered":"https:\/\/www.europesays.com\/de\/151278\/"},"modified":"2025-05-30T10:34:12","modified_gmt":"2025-05-30T10:34:12","slug":"82-jaehriger-radfahrer-stirbt-nach-unklarem-sturz","status":"publish","type":"post","link":"https:\/\/www.europesays.com\/de\/151278\/","title":{"rendered":"82-j\u00e4hriger Radfahrer stirbt nach unklarem Sturz"},"content":{"rendered":"<p>T\u00f6dlicher Unfall in Bredeney <\/p>\n<p>82-j\u00e4hriger Radfahrer erliegt Verletzungen nach Sturz<\/p>\n<p>30.05.2025 &#8211; 12:14 UhrLesedauer: 1 Min.<\/p>\n<p><a href=\"#focus-0\" class=\"transition-colors duration-200 focus-within:text-magenta block text-current relative\" data-sctrack=\"FocusGalleryImage.Reference\"><img fetchpriority=\"high\" data-testid=\"Opener.Image\" style=\"--lqipURL:url('https:\/\/images.t-online.de\/2025\/05\/JHShM7neS4Sr\/0x209:4000x2250\/fit-in\/150x0\/filters:blur(25)\/image.jpg')\"   loading=\"eager\" src=\"https:\/\/www.europesays.com\/de\/wp-content\/uploads\/2025\/05\/1748601251_910_image.jpg\" alt=\"imago images 0756271958\" title=\"imago images 0756271958\" width=\"4000\" height=\"2250\" class=\"bg-[url:var(--lqipURL)] bg-cover bg-center flex w-full max-w-full h-full\" decoding=\"async\"\/><img style=\"--width:32;--height:32\" loading=\"lazy\" src=\"https:\/\/www.europesays.com\/de\/wp-content\/uploads\/2025\/05\/zoom-in.f7dae02f.svg.svg+xml\" alt=\"Vergr\u00f6\u00dfern des Bildes\" title=\"Vergr\u00f6\u00dfern des Bildes\" class=\"&#10;        block&#10;        h-[calc(var(--height)_\/_16_*_1rem)]&#10;        w-[calc(var(--width)_\/_16_*_1rem)]&#10;        max-w-none&#10;        absolute bottom-8 right-8 rounded-4 bg-snow p-8\" decoding=\"async\"\/><\/a><\/p>\n<p>Ein Fahrradhelm liegt neben einem Rad auf dem Boden (Symbolbild): In Essen hat es im Mai den ersten Verkehrstoten des Jahres gegeben \u2013 einen 82-j\u00e4hrigen Radfahrer. (Quelle: Thomas Trutschel)<\/p>\n<p class=\"font-bold text-18 leading-17\">Ein 82-j\u00e4hriger Radfahrer verstirbt nach einem Unfall auf der Norbertstra\u00dfe in Essen. Er ist 2025 der erste Verkehrstote in der Stadt. Die Umst\u00e4nde des Unfalls sind unklar.<\/p>\n<p class=\"text-18 leading-17\">Am 11. Mai st\u00fcrzte ein 82-j\u00e4hriger Pedelecfahrer auf der Norbertstra\u00dfe in Essen-Bredeney und zog sich dabei lebensgef\u00e4hrliche Verletzungen zu. Wie die Polizei mitteilte, erlag der Senior am 15. Mai seinen Verletzungen im Krankenhaus.<\/p>\n<p class=\"text-18 leading-17\">Der Unfall ereignete sich auf einer Stra\u00dfe, deren Fahrbahnen durch die A52 getrennt sind. Laut Polizei sei unklar, in welche Richtung der Mann tats\u00e4chlich fuhr. Vermutlich versuchte er, einen Absperrzaun zu umfahren und blieb dabei mit dem Hinterreifen an einer Bordsteinkante h\u00e4ngen.<\/p>\n<p class=\"text-18 leading-17\">Eine vorbeikommende Radfahrerin fand den Mann schwer verletzt am Boden vor. Sie leistete Erste Hilfe und verst\u00e4ndigte den Notarzt, der den Senior noch vor Ort reanimieren musste. Trotz dieser Ma\u00dfnahmen verstarb der 82-J\u00e4hrige wenige Tage sp\u00e4ter im Krankenhaus.<\/p>\n<p class=\"text-18 leading-17\">Eine Obduktion best\u00e4tigte, dass der Mann an den Folgen des Unfalls gestorben sei. Er ist laut Polizeiangaben das erste Verkehrstodesopfer dieses Jahres <a class=\"transition-colors duration-200 cursor-pointer text-inherit no-underline text-salemsfur md:hover:text-magenta md:hover:border-magenta md:focus:text-magenta border-current border-b border-solid break-words\" href=\"https:\/\/www.t-online.de\/region\/essen\/\" data-sctrack=\"BodyAnchor\" rel=\"nofollow noopener\" target=\"_blank\">in Essen<\/a>.<\/p>\n","protected":false},"excerpt":{"rendered":"T\u00f6dlicher Unfall in Bredeney 82-j\u00e4hriger Radfahrer erliegt Verletzungen nach Sturz 30.05.2025 &#8211; 12:14 UhrLesedauer: 1 Min. Ein Fahrradhelm&hellip;\n","protected":false},"author":2,"featured_media":151279,"comment_status":"","ping_status":"","sticky":false,"template":"","format":"standard","meta":{"footnotes":""},"categories":[1834],"tags":[24582,722,3364,29,3688,30,53790,1209,176,121,3856,1284,6319],"class_list":{"0":"post-151278","1":"post","2":"type-post","3":"status-publish","4":"format-standard","5":"has-post-thumbnail","7":"category-essen","8":"tag-bredeney","9":"tag-722","10":"tag-de","11":"tag-deutschland","12":"tag-essen","13":"tag-germany","14":"tag-norbertstrasse","15":"tag-nordrhein-westfalen","16":"tag-nrw","17":"tag-polizei","18":"tag-ruhrgebiet","19":"tag-unfall","20":"tag-verletzung"},"share_on_mastodon":{"url":"https:\/\/pubeurope.com\/@de\/114596339067946087","error":""},"_links":{"self":[{"href":"https:\/\/www.europesays.com\/de\/wp-json\/wp\/v2\/posts\/151278","targetHints":{"allow":["GET"]}}],"collection":[{"href":"https:\/\/www.europesays.com\/de\/wp-json\/wp\/v2\/posts"}],"about":[{"href":"https:\/\/www.europesays.com\/de\/wp-json\/wp\/v2\/types\/post"}],"author":[{"embeddable":true,"href":"https:\/\/www.europesays.com\/de\/wp-json\/wp\/v2\/users\/2"}],"replies":[{"embeddable":true,"href":"https:\/\/www.europesays.com\/de\/wp-json\/wp\/v2\/comments?post=151278"}],"version-history":[{"count":0,"href":"https:\/\/www.europesays.com\/de\/wp-json\/wp\/v2\/posts\/151278\/revisions"}],"wp:featuredmedia":[{"embeddable":true,"href":"https:\/\/www.europesays.com\/de\/wp-json\/wp\/v2\/media\/151279"}],"wp:attachment":[{"href":"https:\/\/www.europesays.com\/de\/wp-json\/wp\/v2\/media?parent=151278"}],"wp:term":[{"taxonomy":"category","embeddable":true,"href":"https:\/\/www.europesays.com\/de\/wp-json\/wp\/v2\/categories?post=151278"},{"taxonomy":"post_tag","embeddable":true,"href":"https:\/\/www.europesays.com\/de\/wp-json\/wp\/v2\/tags?post=151278"}],"curies":[{"name":"wp","href":"https:\/\/api.w.org\/{rel}","templated":true}]}}