{"id":151293,"date":"2025-05-30T10:42:10","date_gmt":"2025-05-30T10:42:10","guid":{"rendered":"https:\/\/www.europesays.com\/de\/151293\/"},"modified":"2025-05-30T10:42:10","modified_gmt":"2025-05-30T10:42:10","slug":"insolventer-modehersteller-gerry-weber-schliesst-alle-seine-geschaefte-filialen-auch-im-raum-stuttgart","status":"publish","type":"post","link":"https:\/\/www.europesays.com\/de\/151293\/","title":{"rendered":"Insolventer Modehersteller: Gerry Weber schlie\u00dft alle seine Gesch\u00e4fte \u2013 Filialen auch im Raum Stuttgart"},"content":{"rendered":"<p>\t\t\t\t\t\t\t\t\t\t\t\t\t\t\t\t\t\t\t\t\t\t\t\t\t\t\t\t      \t\t            \t\t             \t\t\t\t   \t\t\t\t\t   <img decoding=\"async\" id=\"article-image\" fetchpriority=\"high\" alt=\"Insolventer Modehersteller: Gerry Weber schlie\u00dft alle seine Gesch\u00e4fte \u2013 Filialen auch im Raum Stuttgart\" title=\"Insolventer Modehersteller: Gerry Weber schlie\u00dft alle seine Gesch\u00e4fte \u2013 Filialen auch im Raum Stuttgart\" src=\"https:\/\/www.europesays.com\/de\/wp-content\/uploads\/2025\/05\/media.media.6a861ebb-b488-4781-a47d-a324236899cf.16x9_700.jpg\" data-linkto=\"https:\/\/www.stuttgarter-nachrichten.de\/javascript:void(0);\"\/>\t\t\t\t\t\t\t\t\t\t\t\t\t\t\t\t\t\t\t\t\t\t\t\tDer Modehersteller Gerry Weber verkauft seine Marke. (Archivfoto)\u00a0Foto: IMAGO\/Sven Simon\/IMAGO\/Frank Hoermann\/SVEN SIMON\t\t\t<\/p>\n<p>Gerry Weber verkauft alle seine Gesch\u00e4fte. Im Gro\u00dfraum Stuttgart hat die insolvente Modemarke drei Filialen.<\/p>\n<p>Der insolvente Modehersteller Gerry Weber schlie\u00dft alle seine Gesch\u00e4fte. Wie das Unternehmen in Halle\/Westfalen mitteilte, \u00fcbernimmt die spanische Modefirma Victrix die deutsche Marke. Dem habe der vorl\u00e4ufige Gl\u00e4ubigerausschuss zugestimmt. <\/p>\n","protected":false},"excerpt":{"rendered":"Der Modehersteller Gerry Weber verkauft seine Marke. (Archivfoto)\u00a0Foto: IMAGO\/Sven Simon\/IMAGO\/Frank Hoermann\/SVEN SIMON Gerry Weber verkauft alle seine Gesch\u00e4fte.&hellip;\n","protected":false},"author":2,"featured_media":151294,"comment_status":"","ping_status":"","sticky":false,"template":"","format":"standard","meta":{"footnotes":""},"categories":[1830],"tags":[1634,43058,3364,29,30,53791,37053,53792,1551,16033,41399,53793,1441],"class_list":{"0":"post-151293","1":"post","2":"type-post","3":"status-publish","4":"format-standard","5":"has-post-thumbnail","7":"category-stuttgart","8":"tag-baden-wuerttemberg","9":"tag-bietigheim-bissingen","10":"tag-de","11":"tag-deutschland","12":"tag-germany","13":"tag-gerry","14":"tag-gerry-weber","15":"tag-insolvent","16":"tag-insolvenz","17":"tag-ludwigsburg","18":"tag-metzingen","19":"tag-modehersteller","20":"tag-stuttgart"},"share_on_mastodon":{"url":"https:\/\/pubeurope.com\/@de\/114596370444474731","error":""},"_links":{"self":[{"href":"https:\/\/www.europesays.com\/de\/wp-json\/wp\/v2\/posts\/151293","targetHints":{"allow":["GET"]}}],"collection":[{"href":"https:\/\/www.europesays.com\/de\/wp-json\/wp\/v2\/posts"}],"about":[{"href":"https:\/\/www.europesays.com\/de\/wp-json\/wp\/v2\/types\/post"}],"author":[{"embeddable":true,"href":"https:\/\/www.europesays.com\/de\/wp-json\/wp\/v2\/users\/2"}],"replies":[{"embeddable":true,"href":"https:\/\/www.europesays.com\/de\/wp-json\/wp\/v2\/comments?post=151293"}],"version-history":[{"count":0,"href":"https:\/\/www.europesays.com\/de\/wp-json\/wp\/v2\/posts\/151293\/revisions"}],"wp:featuredmedia":[{"embeddable":true,"href":"https:\/\/www.europesays.com\/de\/wp-json\/wp\/v2\/media\/151294"}],"wp:attachment":[{"href":"https:\/\/www.europesays.com\/de\/wp-json\/wp\/v2\/media?parent=151293"}],"wp:term":[{"taxonomy":"category","embeddable":true,"href":"https:\/\/www.europesays.com\/de\/wp-json\/wp\/v2\/categories?post=151293"},{"taxonomy":"post_tag","embeddable":true,"href":"https:\/\/www.europesays.com\/de\/wp-json\/wp\/v2\/tags?post=151293"}],"curies":[{"name":"wp","href":"https:\/\/api.w.org\/{rel}","templated":true}]}}