{"id":151295,"date":"2025-05-30T10:43:09","date_gmt":"2025-05-30T10:43:09","guid":{"rendered":"https:\/\/www.europesays.com\/de\/151295\/"},"modified":"2025-05-30T10:43:09","modified_gmt":"2025-05-30T10:43:09","slug":"stuttgart-mann-stuerzt-in-gleise-und-wird-von-s-bahn-erfasst-regional","status":"publish","type":"post","link":"https:\/\/www.europesays.com\/de\/151295\/","title":{"rendered":"Stuttgart: Mann st\u00fcrzt in Gleise und wird von S-Bahn erfasst | Regional"},"content":{"rendered":"<p>Stuttgart \u2013 <b>Ein 36-j\u00e4hriger Mann ist am 28.05.2025 am Stuttgarter Hauptbahnhof in die Gleise gest\u00fcrzt, als eine S-Bahn einfuhr.<\/b><\/p>\n<p>Der Vorfall ereignete sich gegen 20.30 Uhr auf Gleis 101. Nach bisherigen Informationen verlor der deutsche Staatsangeh\u00f6rige offenbar das Gleichgewicht und fiel ins Gleisbett. Der Lokf\u00fchrer der S-Bahnlinie 4, die aus Richtung Schwabstra\u00dfe kam, leitete bei etwa 60 km\/h sofort eine Schnellbremsung ein, konnte den Zug jedoch nicht rechtzeitig stoppen.<\/p>\n<p>Der Mann, der offensichtlich unter Alkoholeinfluss stand, blieb ansprechbar und bei Bewusstsein. Er erlitt schwere Verletzungen an einem Fu\u00df. Unter den rund 100 Fahrg\u00e4sten im Zug wurde niemand verletzt. Ein Rettungswagen brachte den Verletzten in ein Krankenhaus.<\/p>\n<p>Dieser Text basiert auf einer offiziellen Beh\u00f6rden-Information und wurde mit Hilfe von KI erstellt.<\/p>\n","protected":false},"excerpt":{"rendered":"Stuttgart \u2013 Ein 36-j\u00e4hriger Mann ist am 28.05.2025 am Stuttgarter Hauptbahnhof in die Gleise gest\u00fcrzt, als eine S-Bahn&hellip;\n","protected":false},"author":2,"featured_media":85959,"comment_status":"","ping_status":"","sticky":false,"template":"","format":"standard","meta":{"footnotes":""},"categories":[1830],"tags":[1634,3364,29,30,2509,121,1441,45,2624],"class_list":{"0":"post-151295","1":"post","2":"type-post","3":"status-publish","4":"format-standard","5":"has-post-thumbnail","7":"category-stuttgart","8":"tag-baden-wuerttemberg","9":"tag-de","10":"tag-deutschland","11":"tag-germany","12":"tag-ki-ots","13":"tag-polizei","14":"tag-stuttgart","15":"tag-texttospeech","16":"tag-unfaelle"},"share_on_mastodon":{"url":"https:\/\/pubeurope.com\/@de\/114596374355990568","error":""},"_links":{"self":[{"href":"https:\/\/www.europesays.com\/de\/wp-json\/wp\/v2\/posts\/151295","targetHints":{"allow":["GET"]}}],"collection":[{"href":"https:\/\/www.europesays.com\/de\/wp-json\/wp\/v2\/posts"}],"about":[{"href":"https:\/\/www.europesays.com\/de\/wp-json\/wp\/v2\/types\/post"}],"author":[{"embeddable":true,"href":"https:\/\/www.europesays.com\/de\/wp-json\/wp\/v2\/users\/2"}],"replies":[{"embeddable":true,"href":"https:\/\/www.europesays.com\/de\/wp-json\/wp\/v2\/comments?post=151295"}],"version-history":[{"count":0,"href":"https:\/\/www.europesays.com\/de\/wp-json\/wp\/v2\/posts\/151295\/revisions"}],"wp:featuredmedia":[{"embeddable":true,"href":"https:\/\/www.europesays.com\/de\/wp-json\/wp\/v2\/media\/85959"}],"wp:attachment":[{"href":"https:\/\/www.europesays.com\/de\/wp-json\/wp\/v2\/media?parent=151295"}],"wp:term":[{"taxonomy":"category","embeddable":true,"href":"https:\/\/www.europesays.com\/de\/wp-json\/wp\/v2\/categories?post=151295"},{"taxonomy":"post_tag","embeddable":true,"href":"https:\/\/www.europesays.com\/de\/wp-json\/wp\/v2\/tags?post=151295"}],"curies":[{"name":"wp","href":"https:\/\/api.w.org\/{rel}","templated":true}]}}