{"id":151303,"date":"2025-05-30T10:48:10","date_gmt":"2025-05-30T10:48:10","guid":{"rendered":"https:\/\/www.europesays.com\/de\/151303\/"},"modified":"2025-05-30T10:48:10","modified_gmt":"2025-05-30T10:48:10","slug":"kritik-zum-tanzstueck-ueber-romy-schneider-in-muenchen-muenchen","status":"publish","type":"post","link":"https:\/\/www.europesays.com\/de\/151303\/","title":{"rendered":"Kritik zum Tanzst\u00fcck \u00fcber Romy Schneider in M\u00fcnchen &#8211; M\u00fcnchen"},"content":{"rendered":"<p data-manual=\"paragraph\" data-schema-org-speakable=\"true\" class=\"css-1ylqqlw\">Nackte M\u00e4nnerf\u00fc\u00dfe auf einem Stuhl, in Gro\u00dfaufnahme an der B\u00fchnenr\u00fcckwand. Dann kickt ein Fu\u00df den Stuhl weg, zitternde Zehen krampfen im Todeskampf, bis sie erschlaffen. Es ist vorbei. Harry Meyen, Romy Schneiders Ex-Mann, hat sich erh\u00e4ngt. Und der Premierenabend im Deutschen Theater ist endg\u00fcltig an seinem Tiefpunkt angelangt. Was bringt einen feinsinnigen, integren K\u00fcnstler wie den Choreografen Enrique Gasa Valga dazu, den Selbstmord eines Menschen derart bedenkenlos zu inszenieren? Ein Tanztheater \u00fcber das Leben von <a href=\"https:\/\/www.sueddeutsche.de\/thema\/Romy_Schneider\" rel=\"nofollow noopener\" target=\"_blank\">Romy Schneider<\/a>, just an ihrem 43. Todestag \u2013 wom\u00f6glich ist so ein Projekt generell zum Scheitern verurteilt. Auch wenn das Applausometer, g\u00e4be es hier eines, etwas anderes sagt.<\/p>\n<p data-manual=\"paragraph\" data-schema-org-speakable=\"true\" class=\"css-1ylqqlw\">Denn nat\u00fcrlich springen sie auf im Saal, Ovationen nach dem Schlussvorhang. Das Publikum im Deutschen Theater ist begeisterungsf\u00e4hig und h\u00f6flich. Und in der Tat gibt es ja auch einiges zu bejubeln: Gasa Valgas Limonada Dance Company, das sind gro\u00dfartige T\u00e4nzerinnen und T\u00e4nzer, allen voran Camilla Danesi, die nicht die geringste \u00c4hnlichkeit mit Romy Schneider besitzt, der Titelfigur dennoch einiges an auratischer Tiefe verleiht.<\/p>\n<p data-manual=\"paragraph\" data-schema-org-speakable=\"true\" class=\"css-1ylqqlw\">Was eine immense Leistung ist, denn zumeist hetzt die Tanzshow im Zeitraffer durch das kurze Leben der Rosemarie Magdalena Albach. Eine etwas biedere Nummernrevue in 19 Bildern, mal mehr, mal weniger erwartbar, allzu oft mit Klischees, Mutma\u00dfungen, \u00dcberzeichnungen befrachtet. Beispiel: Romys Eltern, die Ufa-Stars Magda Schneider und Wolf Albach-Retty, sie schweben durch einen Tanzsaal, ein Filmset. Eine grellrote Hakenkreuzfahne rauscht von der Decke, Magdas rechter Arm f\u00e4hrt aus zum Hitlergru\u00df, Wolf erstarrt und wendet sich von ihr ab. Was soll das aussagen? Der Mann war fr\u00fch f\u00f6rderndes Mitglied der SS, NSDAP-Mitglied und spielte in der NS-Unterhaltungsfilmproduktion.<\/p>\n<p><a href=\"https:\/\/www.sueddeutsche.de\/projekte\/artikel\/politik\/alain-delon-franzoesisches-kino-romy-schneider-tod-e525478\/\" aria-label=\"Artikelverlinkung:\" data-track-szde=\"{&quot;event&quot;:&quot;teaser_clicked&quot;,&quot;teaser_clicked&quot;:{&quot;article_title&quot;:&quot;der_unberuehrbare&quot;,&quot;doctype&quot;:&quot;&quot;,&quot;label&quot;:&quot;szplus&quot;,&quot;main_topic&quot;:&quot;die_seite_drei&quot;,&quot;object_id&quot;:&quot;er.e525478&quot;,&quot;pcat&quot;:&quot;paid&quot;,&quot;section&quot;:&quot;politik&quot;,&quot;teaser_type&quot;:&quot;article_teaser_top&quot;}}\" data-manual=\"teaser-url\" data-tb-link=\"\" aria-labelledby=\"teaser-httpswwwsueddeutschedeprojekteartikelpolitikalain-delon-franzoesisches-kino-romy-schneider-tod-e525478\" class=\"css-14tg8sh\" rel=\"nofollow noopener\" target=\"_blank\"><img decoding=\"async\" src=\"https:\/\/www.europesays.com\/de\/wp-content\/uploads\/2025\/05\/db623176-2b8d-4e06-b920-32b9bf9e1c70.jpeg\"   alt=\"\" loading=\"lazy\" class=\"css-8atqhb\"\/><\/p>\n<p>Zum Tod von Alain Delon<\/p>\n<p>:Der Unber\u00fchrbare<\/p>\n<p class=\"css-a6ecqs\" data-manual=\"teaser-text\" data-tb-description=\"\" data-schema-org-speakable=\"true\">Es gibt nur wenige, die das Kino so gepr\u00e4gt haben wie er: Zum Tod des gro\u00dfen und komplizierten K\u00fcnstlers Alain Delon, der fast Metzger, dann zum Gl\u00fcck aber doch Schauspieler wurde.<\/p>\n<p>SZ PlusVon David Steinitz<\/p>\n<p data-manual=\"paragraph\" data-schema-org-speakable=\"true\" class=\"css-1ylqqlw\">Dann Romys Abschiebung in die Nonnenschule, der Krinolinen-Rock, der sie einschn\u00fcrt wie ein Korsett. Alain Delon taucht auf verf\u00fchrt der Deutschen liebstes jungfr\u00e4uliches Zuckerpupperl. All das wird hier vertanzt. Oder multimedial via Video inszeniert: Kaiserin Sissis Breitwandl\u00e4cheln auf den Titelbl\u00e4ttern der Klatsch-Gazetten wird von Flammen gefressen. Auch Romy Schneiders leicht angeraute, zarte Stimme ist zu h\u00f6ren, in einem bemerkenswert d\u00e4mlichen Dialog mit Filmpapa Willy Fritsch aus dem Film \u201eWenn der wei\u00dfe Flieder wieder bl\u00fcht\u201c. Dann aber ein Audio aus Hans-J\u00fcrgen Syberbergs Dokumentarfilm \u201ePortr\u00e4t eines Gesichts\u201c (1966).\u00a0 Ihr zynischer Blick auf Hollywood, wenn sie Regisseur Otto Preminger zitiert, der ihr mal gesagt hat, \u201edreh alles, was kommt, alllles &#8230;\u201c.\u00a0 Und eine Szene aus Andrzej Zulawskis \u201eNachtblende\u201c, Romy Schneider in Agonie, weinend, flehend. \u201eNo foto, please!\u201c.<\/p>\n<p data-manual=\"paragraph\" data-schema-org-speakable=\"true\" class=\"css-1ylqqlw\">Letztlich sind es gerade diese Einspielungen (Content Direktor: Albert Serrado), die den <a href=\"https:\/\/www.sueddeutsche.de\/thema\/Tanz\" rel=\"nofollow noopener\" target=\"_blank\">Tanz<\/a> in seine Schranken weisen. Denn Enrique Gasa Valgas Choreografie hat dem wirkm\u00e4chtigen Medium Film nichts kraftvoll Eigenst\u00e4ndiges entgegenzusetzen. Und wird auch noch doppelt in die Zange genommen. Denn wie schon bei <a href=\"https:\/\/www.sueddeutsche.de\/muenchen\/frida-kahlo-deutsches-theater-tanztheater-lux.AbsGfKX1brR7g2bNjQL9XE\" rel=\"nofollow noopener\" target=\"_blank\">anderen Tanzst\u00fccken der Limonada Dance Company<\/a> im Deutschen Theater ist es die Live-Musik, die die intensivste Wirkung entfaltet. Die wundervolle Greta Marcolongo, samt gro\u00dfartiger Band, sie singt Chansons. Einzig sie, hochschwanger, bringt Authentizit\u00e4t, ein menschliches Moment in diesen Abend, der derart in K\u00fcnstlichkeit erstarrt, dass man sich bei der Indiskretion ertappt, einem Pausengespr\u00e4ch der Kessler-Zwillinge zu lauschen. Die beiden haben die \u201eechte\u201c Romy Schneider noch gekannt. Aber was hei\u00dft das schon, gekannt.<\/p>\n<p data-manual=\"paragraph\" data-schema-org-speakable=\"true\" class=\"css-1ylqqlw\"><strong>Romy, bis 8. Juni, Deutsches Theater <\/strong><strong><a href=\"https:\/\/www.sueddeutsche.de\/thema\/M%C3%BCnchen\" rel=\"nofollow noopener\" target=\"_blank\">M\u00fcnchen<\/a><\/strong><strong>, Infos unter <\/strong><strong><a href=\"https:\/\/www.deutsches-theater.de\/romy\/\" target=\"_blank\" rel=\"nofollow noopener\">www.deutsches-theater.de<\/a><\/strong><\/p>\n","protected":false},"excerpt":{"rendered":"Nackte M\u00e4nnerf\u00fc\u00dfe auf einem Stuhl, in Gro\u00dfaufnahme an der B\u00fchnenr\u00fcckwand. Dann kickt ein Fu\u00df den Stuhl weg, zitternde&hellip;\n","protected":false},"author":2,"featured_media":151304,"comment_status":"","ping_status":"","sticky":false,"template":"","format":"standard","meta":{"footnotes":""},"categories":[1827],"tags":[19124,772,3368,29,30,2392,1268,149,6907,50551,3372],"class_list":{"0":"post-151303","1":"post","2":"type-post","3":"status-publish","4":"format-standard","5":"has-post-thumbnail","7":"category-muenchen","8":"tag-ballett-muenchen","9":"tag-bayern","10":"tag-deutsches-theater-muenchen","11":"tag-deutschland","12":"tag-germany","13":"tag-kultur-in-muenchen","14":"tag-muenchen","15":"tag-sueddeutsche-zeitung","16":"tag-tanz","17":"tag-tanz-muenchen","18":"tag-theater-muenchen"},"share_on_mastodon":{"url":"https:\/\/pubeurope.com\/@de\/114596394088419150","error":""},"_links":{"self":[{"href":"https:\/\/www.europesays.com\/de\/wp-json\/wp\/v2\/posts\/151303","targetHints":{"allow":["GET"]}}],"collection":[{"href":"https:\/\/www.europesays.com\/de\/wp-json\/wp\/v2\/posts"}],"about":[{"href":"https:\/\/www.europesays.com\/de\/wp-json\/wp\/v2\/types\/post"}],"author":[{"embeddable":true,"href":"https:\/\/www.europesays.com\/de\/wp-json\/wp\/v2\/users\/2"}],"replies":[{"embeddable":true,"href":"https:\/\/www.europesays.com\/de\/wp-json\/wp\/v2\/comments?post=151303"}],"version-history":[{"count":0,"href":"https:\/\/www.europesays.com\/de\/wp-json\/wp\/v2\/posts\/151303\/revisions"}],"wp:featuredmedia":[{"embeddable":true,"href":"https:\/\/www.europesays.com\/de\/wp-json\/wp\/v2\/media\/151304"}],"wp:attachment":[{"href":"https:\/\/www.europesays.com\/de\/wp-json\/wp\/v2\/media?parent=151303"}],"wp:term":[{"taxonomy":"category","embeddable":true,"href":"https:\/\/www.europesays.com\/de\/wp-json\/wp\/v2\/categories?post=151303"},{"taxonomy":"post_tag","embeddable":true,"href":"https:\/\/www.europesays.com\/de\/wp-json\/wp\/v2\/tags?post=151303"}],"curies":[{"name":"wp","href":"https:\/\/api.w.org\/{rel}","templated":true}]}}