{"id":151307,"date":"2025-05-30T10:50:14","date_gmt":"2025-05-30T10:50:14","guid":{"rendered":"https:\/\/www.europesays.com\/de\/151307\/"},"modified":"2025-05-30T10:50:14","modified_gmt":"2025-05-30T10:50:14","slug":"erste-baederland-sommerfreibaeder-oeffnen-morgen-in-hamburg-ndr-de-nachrichten","status":"publish","type":"post","link":"https:\/\/www.europesays.com\/de\/151307\/","title":{"rendered":"Erste B\u00e4derland-Sommerfreib\u00e4der \u00f6ffnen morgen in Hamburg | NDR.de &#8211; Nachrichten"},"content":{"rendered":"<p>\nStand: 30.05.2025 10:56 Uhr\n<\/p>\n<p class=\"preface\">In Hamburg \u00f6ffnen morgen die ersten Sommerfreib\u00e4der des st\u00e4dtischen Schwimmbadbetreibers B\u00e4derland. Den Start machen das Freibad des Kaifu-Bads in Eimsb\u00fcttel und das Naturbad Stadtparksee in Winterhude.<\/p>\n<p>B\u00e4derland ist optimistisch, dass das Wetter dem Saisonstart keinen Strich durch die Rechnung macht. Denn mit den Temperaturen gehe es wieder aufw\u00e4rts, so B\u00e4derland-Sprecher Michael Dietel. Besonders wichtig seien die Nachttemperaturen, die gesichert zweistellig bleiben sollen. Dies werde zum Anlass genommen, mit dem Freibad des Kaifu-Bads und dem Naturbad Stadtparksee die ersten Sommerfreib\u00e4der zu \u00f6ffnen.<\/p>\n<p>B\u00e4derland betreibt auch Ganzjahresfreib\u00e4der<\/p>\n<p>Neben den beiden Sommerfreib\u00e4dern sind nach wie vor die Ganzjahresfreib\u00e4der ge\u00f6ffnet &#8211; also das Bille-Bad in Bergedorf, das Familienbad Rahlstedt, das Festland in Altona, das Holthusenbad in Eppendorf und das Parkbad in Volksdorf.<\/p>\n<p>Noch keine \u00d6ffnungstermine f\u00fcr weitere Sommerfreib\u00e4der<\/p>\n<p>&#8222;Die noch verbleibenden Sommerfreib\u00e4der \u00f6ffnen wir, sobald sich das Wetter eingespielt hat. Wir m\u00f6chten vermeiden, wieder schlie\u00dfen zu m\u00fcssen, falls es doch noch nicht ganz mitmacht&#8220;, sagte Dietel.\u00a0Wann die Sommerfreib\u00e4der Billstedt, Bondenwald, Finkenwerder, Marienh\u00f6he, Neugraben und Osdorfer Born \u00f6ffnen, bleibt damit noch unklar. Alle Infos zu den \u00d6ffnungszeiten der B\u00e4der sind <a href=\"https:\/\/www.ndr.de\/nachrichten\/hamburg\/textlink95802-splash.html\" title=\"Link: B\u00e4derland Hamburg: Unsere B\u00e4der in der \u00dcbersicht\" rel=\"noopener\" class=\"showSplashPage\" target=\"_blank\">auf der Internetseite von B\u00e4derland<\/a> zu finden.<\/p>\n<p>Kostenlose Sonnencreme an f\u00fcnf Standorten<\/p>\n<p>In Kooperation mit den Asklepios Kliniken steht G\u00e4sten in diesem Jahr erneut an mehreren Standorten kostenlose Sonnencreme mit Lichtschutzfaktor 50 zur Verf\u00fcgung. In den Freib\u00e4dern Kaifu-Bad, Billstedt, Bondenwald, Naturbad Stadtparksee und Familienbad Rahlstedt finden Besucherinnen und Besucher Sonnencreme-Spender, die kontaktlos genutzt werden k\u00f6nnen.<\/p>\n<p>Warmer und trockenen Sommer erwartet<\/p>\n<p>B\u00e4derland-Sprecher Dietel rechnet damit, dass dieser Sommer richtig gut wird: &#8222;Wir gehen davon aus, dass es relativ warm und trocken wird, denn das Fr\u00fchjahr war auch sehr trocken. Und dann soll sich das idealerweise bis in den September hineinziehen.&#8220;<\/p>\n<p>Weitere Informationen<\/p>\n<p><img decoding=\"async\" src=\"https:\/\/www.europesays.com\/de\/wp-content\/uploads\/2025\/05\/baederland172_v-contentgross.jpg\" alt=\"Blick auf das Lehrschwimmbecken im Schwimmbad S\u00fcderelbe von B\u00e4derland Hamburg \u00a9 B\u00e4derland Hamburg \" title=\"Blick auf das Lehrschwimmbecken im Schwimmbad S\u00fcderelbe von B\u00e4derland Hamburg\" class=\"responsive\"\/><\/p>\n<p>\nIm Schwimmbad S\u00fcderelbe kam es innerhalb weniger Tage zu zwei dramatischen Badeunf\u00e4llen mit Kindern, weil Eltern offenbar ihre Aufsichtspflicht vernachl\u00e4ssigten.<br \/>\n<a title=\"Zum Artikel: Beinahe t\u00f6dliche Badeunf\u00e4lle in Hamburg: B\u00e4derland appelliert an Eltern\" href=\"https:\/\/www.ndr.de\/nachrichten\/hamburg\/Beinahe-toedliche-Badeunfaelle-in-Hamburg-Baederland-appelliert-an-Eltern,badeunfaelle174.html\" class=\"cta \" target=\"_blank\" rel=\"noopener\">mehr<\/a>\n<\/p>\n<p><img decoding=\"async\" src=\"https:\/\/www.europesays.com\/de\/wp-content\/uploads\/2025\/05\/freibad818_v-contentgross.jpg\" alt=\"Sommerfreibad Finkenwerder \u00a9 B\u00e4derland Hamburg \" title=\"Sommerfreibad Finkenwerder\" class=\"responsive\"\/><\/p>\n<p>\nEinzelne Ruhetage soll es daher w\u00e4hrend der Freibadsaison &#8211; wenn \u00fcberhaupt &#8211; nur tempor\u00e4r geben. Dennoch werden weiterhin Rettungsschwimmer gesucht.<br \/>\n<a title=\"Zum Artikel: B\u00e4derland in Hamburg: Personalsituation hat sich verbessert\" href=\"https:\/\/www.ndr.de\/nachrichten\/hamburg\/Baederland-in-Hamburg-Personalsituation-hat-sich-verbessert,baederland168.html\" class=\"cta \" target=\"_blank\" rel=\"noopener\">mehr<\/a>\n<\/p>\n<p><img decoding=\"async\" src=\"https:\/\/www.europesays.com\/de\/wp-content\/uploads\/2025\/05\/freibad856_v-contentgross.jpg\" alt=\"Ein Mann k\u00e4rchert den Beckenboden im Freibad Blankenese. \u00a9 NDR\/Anna R\u00fcter \" title=\"Ein Mann k\u00e4rchert den Beckenboden im Freibad Blankenese.\" class=\"responsive\"\/><\/p>\n<p>\nDie Hamburger Freib\u00e4der machen sich startklar f\u00fcr die neue Saison. Ab Anfang Mai k\u00f6nnten die ersten \u00f6ffnen.<br \/>\n<a title=\"Zum Artikel: Vorbereitungen f\u00fcr die Freibadsaison in Hamburg gestartet\" href=\"https:\/\/www.ndr.de\/nachrichten\/hamburg\/Vorbereitungen-fuer-die-Freibadsaison-in-Hamburg-gestartet,freibadsaison120.html\" class=\"cta \" target=\"_blank\" rel=\"noopener\">mehr<\/a>\n<\/p>\n<p><img decoding=\"async\" src=\"https:\/\/www.europesays.com\/de\/wp-content\/uploads\/2025\/05\/screenshot1784830_v-contentgross.jpg\" alt=\"Die Alsterschwimmhalle. \u00a9 Screenshot \" title=\"Die Alsterschwimmhalle.\" class=\"responsive\"\/><\/p>\n<p>\nInsgesamt haben etwa 4,2 Millionen Menschen im letzten Jahr Hamburgs B\u00e4der besucht. Besonders beliebt ist die Alsterschwimmhalle.<br \/>\n<a title=\"Zum Artikel: B\u00e4derland in Hamburg: Fast so viele Besucher wie vor Corona\" href=\"https:\/\/www.ndr.de\/nachrichten\/hamburg\/Baederland-in-Hamburg-Fast-so-viele-Besucher-wie-vor-Corona,baederland166.html\" class=\"cta \" target=\"_blank\" rel=\"noopener\">mehr<\/a>\n<\/p>\n<p><img decoding=\"async\" src=\"https:\/\/www.europesays.com\/de\/wp-content\/uploads\/2025\/05\/wellemachen100_v-contentgross.jpg\" alt=\"Ein Schwimmlehrer hilft einem Kind im Wasser beim Schwimmenlernen. \u00a9 Imago \" title=\"Ein Schwimmlehrer hilft einem Kind im Wasser beim Schwimmenlernen.\" class=\"responsive\"\/><\/p>\n<p>\nNDR, DLRG, &#8222;Active City&#8220; und B\u00e4derland hatten Schwimmlehrer gesucht. Nun hat Hamburg 80 neue Schwimmlehrassistenten.<br \/>\n<a title=\"Zum Artikel: &quot;Welle machen&quot;: 80 neue Schwimmlehrer f\u00fcr Hamburg\" href=\"https:\/\/www.ndr.de\/nachrichten\/hamburg\/Welle-machen-80-neue-Schwimmlehrer-fuer-Hamburg,schwimmlehrer102.html\" class=\"cta \" target=\"_blank\" rel=\"noopener\">mehr<\/a>\n<\/p>\n<p>Dieses Thema im Programm:<\/p>\n<p>NDR 90,3 |<br \/>\nNDR 90,3 Aktuell |<br \/>\n31.05.2025 | 10:00 Uhr<\/p>\n<p><img decoding=\"async\" src=\"https:\/\/www.europesays.com\/de\/wp-content\/uploads\/2025\/03\/ndr_printlogo.gif\" alt=\"NDR Logo\" title=\"NDR Logo\"\/><\/p>\n","protected":false},"excerpt":{"rendered":"Stand: 30.05.2025 10:56 Uhr In Hamburg \u00f6ffnen morgen die ersten Sommerfreib\u00e4der des st\u00e4dtischen Schwimmbadbetreibers B\u00e4derland. Den Start machen&hellip;\n","protected":false},"author":2,"featured_media":151308,"comment_status":"","ping_status":"","sticky":false,"template":"","format":"standard","meta":{"footnotes":""},"categories":[1826],"tags":[42046,29,10860,31876,30,692,53806,438,439,49437,25514,9650],"class_list":{"0":"post-151307","1":"post","2":"type-post","3":"status-publish","4":"format-standard","5":"has-post-thumbnail","7":"category-hamburg","8":"tag-baederland","9":"tag-deutschland","10":"tag-freibad","11":"tag-freibaeder","12":"tag-germany","13":"tag-hamburg","14":"tag-kaifu","15":"tag-ndr","16":"tag-norddeutscher-rundfunk","17":"tag-oeffnung","18":"tag-sommerfreibaeder","19":"tag-stadtpark"},"share_on_mastodon":{"url":"https:\/\/pubeurope.com\/@de\/114596402074310761","error":""},"_links":{"self":[{"href":"https:\/\/www.europesays.com\/de\/wp-json\/wp\/v2\/posts\/151307","targetHints":{"allow":["GET"]}}],"collection":[{"href":"https:\/\/www.europesays.com\/de\/wp-json\/wp\/v2\/posts"}],"about":[{"href":"https:\/\/www.europesays.com\/de\/wp-json\/wp\/v2\/types\/post"}],"author":[{"embeddable":true,"href":"https:\/\/www.europesays.com\/de\/wp-json\/wp\/v2\/users\/2"}],"replies":[{"embeddable":true,"href":"https:\/\/www.europesays.com\/de\/wp-json\/wp\/v2\/comments?post=151307"}],"version-history":[{"count":0,"href":"https:\/\/www.europesays.com\/de\/wp-json\/wp\/v2\/posts\/151307\/revisions"}],"wp:featuredmedia":[{"embeddable":true,"href":"https:\/\/www.europesays.com\/de\/wp-json\/wp\/v2\/media\/151308"}],"wp:attachment":[{"href":"https:\/\/www.europesays.com\/de\/wp-json\/wp\/v2\/media?parent=151307"}],"wp:term":[{"taxonomy":"category","embeddable":true,"href":"https:\/\/www.europesays.com\/de\/wp-json\/wp\/v2\/categories?post=151307"},{"taxonomy":"post_tag","embeddable":true,"href":"https:\/\/www.europesays.com\/de\/wp-json\/wp\/v2\/tags?post=151307"}],"curies":[{"name":"wp","href":"https:\/\/api.w.org\/{rel}","templated":true}]}}