{"id":151317,"date":"2025-05-30T10:55:08","date_gmt":"2025-05-30T10:55:08","guid":{"rendered":"https:\/\/www.europesays.com\/de\/151317\/"},"modified":"2025-05-30T10:55:08","modified_gmt":"2025-05-30T10:55:08","slug":"berlin-polizei-stoppt-unrechtmaessige-besetzung-in-kreuzberg-regional","status":"publish","type":"post","link":"https:\/\/www.europesays.com\/de\/151317\/","title":{"rendered":"Berlin: Polizei stoppt unrechtm\u00e4\u00dfige Besetzung in Kreuzberg | Regional"},"content":{"rendered":"<p>Berlin \u2013 <b>Rund 230 Polizisten haben gestern Nachmittag in Kreuzberg das unrechtm\u00e4\u00dfige Eindringen in ein leerstehendes Lokal verhindert.<\/b><\/p>\n<p>Gegen 16.40 Uhr versammelten sich etwa 100 vermummte Personen auf der Reichenberger Stra\u00dfe, um sich Zutritt zu verschaffen. Rund 30 von ihnen gelang es, in das Geb\u00e4ude einzudringen, doch die Einsatzkr\u00e4fte reagierten schnell und brachten sie zur\u00fcck auf die Stra\u00dfe. Dort wurden Ma\u00dfnahmen zur Identit\u00e4tsfeststellung durchgef\u00fchrt. Eine Spontanversammlung wurde von weiteren Personen vor Ort angemeldet und erreichte bis zu 200 Teilnehmer, bevor sie gegen 21.45 Uhr beendet wurde. Insgesamt f\u00fchrten die Polizisten gegen 50 Personen freiheitsbeschr\u00e4nkende Ma\u00dfnahmen durch und leiteten Ermittlungsverfahren wegen Landfriedensbruchs und Hausfriedensbruchs ein. Drei Polizisten wurden leicht verletzt, blieben jedoch im Dienst.<\/p>\n<p>Dieser Text basiert auf einer offiziellen Beh\u00f6rden-Information und wurde mit Hilfe von KI erstellt.<\/p>\n","protected":false},"excerpt":{"rendered":"Berlin \u2013 Rund 230 Polizisten haben gestern Nachmittag in Kreuzberg das unrechtm\u00e4\u00dfige Eindringen in ein leerstehendes Lokal verhindert.&hellip;\n","protected":false},"author":2,"featured_media":75455,"comment_status":"","ping_status":"","sticky":false,"template":"","format":"standard","meta":{"footnotes":""},"categories":[1825],"tags":[296,29,30,1000,2509,121,45,1995],"class_list":{"0":"post-151317","1":"post","2":"type-post","3":"status-publish","4":"format-standard","5":"has-post-thumbnail","7":"category-berlin","8":"tag-berlin","9":"tag-deutschland","10":"tag-germany","11":"tag-gewalt","12":"tag-ki-ots","13":"tag-polizei","14":"tag-texttospeech","15":"tag-verbrechen"},"share_on_mastodon":{"url":"https:\/\/pubeurope.com\/@de\/114596421601085452","error":""},"_links":{"self":[{"href":"https:\/\/www.europesays.com\/de\/wp-json\/wp\/v2\/posts\/151317","targetHints":{"allow":["GET"]}}],"collection":[{"href":"https:\/\/www.europesays.com\/de\/wp-json\/wp\/v2\/posts"}],"about":[{"href":"https:\/\/www.europesays.com\/de\/wp-json\/wp\/v2\/types\/post"}],"author":[{"embeddable":true,"href":"https:\/\/www.europesays.com\/de\/wp-json\/wp\/v2\/users\/2"}],"replies":[{"embeddable":true,"href":"https:\/\/www.europesays.com\/de\/wp-json\/wp\/v2\/comments?post=151317"}],"version-history":[{"count":0,"href":"https:\/\/www.europesays.com\/de\/wp-json\/wp\/v2\/posts\/151317\/revisions"}],"wp:featuredmedia":[{"embeddable":true,"href":"https:\/\/www.europesays.com\/de\/wp-json\/wp\/v2\/media\/75455"}],"wp:attachment":[{"href":"https:\/\/www.europesays.com\/de\/wp-json\/wp\/v2\/media?parent=151317"}],"wp:term":[{"taxonomy":"category","embeddable":true,"href":"https:\/\/www.europesays.com\/de\/wp-json\/wp\/v2\/categories?post=151317"},{"taxonomy":"post_tag","embeddable":true,"href":"https:\/\/www.europesays.com\/de\/wp-json\/wp\/v2\/tags?post=151317"}],"curies":[{"name":"wp","href":"https:\/\/api.w.org\/{rel}","templated":true}]}}