{"id":15132,"date":"2025-04-08T08:10:10","date_gmt":"2025-04-08T08:10:10","guid":{"rendered":"https:\/\/www.europesays.com\/de\/15132\/"},"modified":"2025-04-08T08:10:10","modified_gmt":"2025-04-08T08:10:10","slug":"kulturenfestival-wieder-in-duisburgs-innenstadt","status":"publish","type":"post","link":"https:\/\/www.europesays.com\/de\/15132\/","title":{"rendered":"Kulturenfestival wieder in Duisburgs Innenstadt"},"content":{"rendered":"<p>Duisburg feiert wieder. Am 23. und 24. Mai findet das Duisburger Kulturen-Festival zum zweiten Mal in der Innenstadt statt. Das Festival feiert die kulturelle Vielfalt Duisburgs. Im Gegensatz zum Vorjahr gibt es einige Neuerungen: es soll mehr Attraktionen f\u00fcr Kinder und Erwachsene geben, wie Workshops zu traditionellen T\u00e4nzen aus verschiedenen Kulturen und eine Kindershow zum Mitsingen und Mitmachen. Neue Kultur- und Essensst\u00e4nde soll es auch geben, beispielsweise aus Bolivien oder S\u00fcdkorea, die traditionelles Essen und Informationen \u00fcber die jeweilige Kultur ausstellen. Begleitet wird das Festival von Livemusik.<\/p>\n","protected":false},"excerpt":{"rendered":"Duisburg feiert wieder. Am 23. und 24. Mai findet das Duisburger Kulturen-Festival zum zweiten Mal in der Innenstadt&hellip;\n","protected":false},"author":2,"featured_media":15133,"comment_status":"","ping_status":"","sticky":false,"template":"","format":"standard","meta":{"footnotes":""},"categories":[1838],"tags":[10287,10288,10286,3364,29,3715,30,1209,61],"class_list":{"0":"post-15132","1":"post","2":"type-post","3":"status-publish","4":"format-standard","5":"has-post-thumbnail","7":"category-duisburg","8":"tag-080425-a","9":"tag-kulturenfestival","10":"tag-mai","11":"tag-de","12":"tag-deutschland","13":"tag-duisburg","14":"tag-germany","15":"tag-nordrhein-westfalen","16":"tag-vielfalt"},"share_on_mastodon":{"url":"https:\/\/pubeurope.com\/@de\/114301332564948639","error":""},"_links":{"self":[{"href":"https:\/\/www.europesays.com\/de\/wp-json\/wp\/v2\/posts\/15132","targetHints":{"allow":["GET"]}}],"collection":[{"href":"https:\/\/www.europesays.com\/de\/wp-json\/wp\/v2\/posts"}],"about":[{"href":"https:\/\/www.europesays.com\/de\/wp-json\/wp\/v2\/types\/post"}],"author":[{"embeddable":true,"href":"https:\/\/www.europesays.com\/de\/wp-json\/wp\/v2\/users\/2"}],"replies":[{"embeddable":true,"href":"https:\/\/www.europesays.com\/de\/wp-json\/wp\/v2\/comments?post=15132"}],"version-history":[{"count":0,"href":"https:\/\/www.europesays.com\/de\/wp-json\/wp\/v2\/posts\/15132\/revisions"}],"wp:featuredmedia":[{"embeddable":true,"href":"https:\/\/www.europesays.com\/de\/wp-json\/wp\/v2\/media\/15133"}],"wp:attachment":[{"href":"https:\/\/www.europesays.com\/de\/wp-json\/wp\/v2\/media?parent=15132"}],"wp:term":[{"taxonomy":"category","embeddable":true,"href":"https:\/\/www.europesays.com\/de\/wp-json\/wp\/v2\/categories?post=15132"},{"taxonomy":"post_tag","embeddable":true,"href":"https:\/\/www.europesays.com\/de\/wp-json\/wp\/v2\/tags?post=15132"}],"curies":[{"name":"wp","href":"https:\/\/api.w.org\/{rel}","templated":true}]}}