{"id":151330,"date":"2025-05-30T11:02:19","date_gmt":"2025-05-30T11:02:19","guid":{"rendered":"https:\/\/www.europesays.com\/de\/151330\/"},"modified":"2025-05-30T11:02:19","modified_gmt":"2025-05-30T11:02:19","slug":"alle-infos-zur-liveshow-2026","status":"publish","type":"post","link":"https:\/\/www.europesays.com\/de\/151330\/","title":{"rendered":"Alle Infos zur Liveshow 2026"},"content":{"rendered":"<p>                Kraftklub k\u00fcndigen neues Album und Tour an <\/p>\n<p data-p-count=\"1\">Ende Mai, an einem Montag, ist in Chemnitz ein gro\u00dfes Schild mit der Aufschrift \u201c<strong>Sterben in Karl-Marx-Stadt<\/strong>\u201d aufgetaucht. So wurde zun\u00e4chst ger\u00e4tselt, was es damit auf sich. Ein am Schild angebrachter <strong>Countdown<\/strong> lief derweil auf Mittwochabend, 21.15 Uhr, zu. Und dann war so weit: Nicht etwa ein mysteri\u00f6ses Kunstprojekt wurde enth\u00fcllt, sondern <strong>Kraftklub<\/strong> gaben ein <strong>spontanes Konzert<\/strong> zum Besten, teilte \u201cFKP Scorpio Konzertproduktionen\u201d erst k\u00fcrzlich mit. Dabei er\u00f6ffnete die Band ihre Show mit der <strong>neuen Single<\/strong> \u201cSchief in jedem Chor\u201d \u2013 und k\u00fcndigte auch ihr <strong>f\u00fcnftes Album<\/strong> (Ver\u00f6ffentlichung am 28. November) an.<\/p>\n<p class=\"brlbs-cmpnt-cb-description\" data-p-count=\"2\">Sie sehen gerade einen Platzhalterinhalt von <strong>YouTube<\/strong>. Um auf den eigentlichen Inhalt zuzugreifen, klicken Sie auf die Schaltfl\u00e4che unten. Bitte beachten Sie, dass dabei Daten an Drittanbieter weitergegeben werden.<\/p>\n<p> <a class=\"brlbs-cmpnt-cb-provider-toggle\" href=\"#\">Mehr Informationen<\/a> <\/p>\n<p data-p-count=\"3\">Laut Mitteilung h\u00f6rt das Album auf den Namen \u201cSterben in Karl-Marx-Stadt\u201d. Unter diesem Titel gehen Kraftklub<strong> 2026<\/strong> ebenso auf<strong> Tour<\/strong>. Eine der Shows findet in der <strong>Gro\u00dfregion<\/strong> statt.<\/p>\n<p> Hast du Kraftklub schon live gesehen?<\/p>\n<p>5 mal wurde bisher abgestimmt.<\/p>\n<p class=\"poll_please_wait\">Bitte warte einen Moment<\/p>\n<p><img decoding=\"async\" src=\"https:\/\/www.europesays.com\/de\/wp-content\/uploads\/2025\/03\/loader.gif\" alt=\"\"\/><\/p>\n<p class=\"poll_fetching_results\">Wir werten das Ergebnis aus<\/p>\n<p> Auftritt in der Luxemburger Rockhal im kommenden Jahr <\/p>\n<p data-p-count=\"4\">Wer Kraftklub im kommenden Jahr mit dem neuen Material<strong> live<\/strong> erleben m\u00f6chte, hat unter anderem am <strong>13. M\u00e4rz 2026<\/strong> in der<strong> Luxemburger Rockhal<\/strong> die M\u00f6glichkeit dazu. Gestartet ist der<strong> Vorverkauf<\/strong> f\u00fcr die kommenden Shows am Donnerstagabend (29. Mai 2025). Mit Stand vom Freitag sind Karten f\u00fcr die Show im Gro\u00dfherzogtum noch verf\u00fcgbar (<strong>rund 70 Euro pro Ticket<\/strong>). Einlass f\u00fcr das Konzert am 13. M\u00e4rz ist um 19.00 Uhr, los geht es eine Stunde sp\u00e4ter.<\/p>\n<p> 20 Konzerte geplant <\/p>\n<p data-p-count=\"5\"><strong>Weitere Auftritte<\/strong> im Rahmen der \u201cSterben in Karl-Marx-Stadt\u201d-Tour wurden etwa f\u00fcr D\u00fcsseldorf, Stuttgart, Freiburg und Frankfurt angek\u00fcndigt. Auch spielt die Band <strong>zwei Open Airs<\/strong> \u2013 und zwar in Dresden (27. Juni 2026) und Hamburg (29. August 2026).<\/p>\n<blockquote class=\"instagram-media\" style=\"background:#FFF;border:0;margin:1px;max-width:540px;min-width:326px;padding:0;\"><\/blockquote>\n<p data-p-count=\"6\">Insgesamt umfasst die anstehende <strong>Tour<\/strong> von Kraftklub <strong>20 Konzerte<\/strong>. Auftakt ist am 3. M\u00e4rz 2026 in Schwerin; vorerst Schluss dann am 28. M\u00e4rz in Bremen, bevor es ab Juni mit den Open Airs weitergeht.<\/p>\n<p data-p-count=\"7\"><strong>Verwendete Quellen:<\/strong><br \/>\u2013 Mitteilung der FKP Scorpio Konzertproduktionen GmbH<\/p>\n<p> <img decoding=\"async\" class=\"wp-worthy-pixel-img skip-lazy \" src=\"https:\/\/www.europesays.com\/de\/wp-content\/uploads\/2025\/05\/509fce3a36304405bc02029c4829d43e.gif\" loading=\"eager\" data-no-lazy=\"1\" data-skip-lazy=\"1\" height=\"1\" width=\"1\" alt=\"\"\/>            <\/p>\n","protected":false},"excerpt":{"rendered":"Kraftklub k\u00fcndigen neues Album und Tour an Ende Mai, an einem Montag, ist in Chemnitz ein gro\u00dfes Schild&hellip;\n","protected":false},"author":2,"featured_media":151331,"comment_status":"","ping_status":"","sticky":false,"template":"","format":"standard","meta":{"footnotes":""},"categories":[1772],"tags":[29,214,30,5128,2315,17614,1779,810,215,3866],"class_list":{"0":"post-151330","1":"post","2":"type-post","3":"status-publish","4":"format-standard","5":"has-post-thumbnail","7":"category-musik","8":"tag-deutschland","9":"tag-entertainment","10":"tag-germany","11":"tag-grossregion","12":"tag-konzerte","13":"tag-luxemburg","14":"tag-music","15":"tag-musik","16":"tag-unterhaltung","17":"tag-veranstaltungen"},"share_on_mastodon":{"url":"https:\/\/pubeurope.com\/@de\/114596449153874790","error":""},"_links":{"self":[{"href":"https:\/\/www.europesays.com\/de\/wp-json\/wp\/v2\/posts\/151330","targetHints":{"allow":["GET"]}}],"collection":[{"href":"https:\/\/www.europesays.com\/de\/wp-json\/wp\/v2\/posts"}],"about":[{"href":"https:\/\/www.europesays.com\/de\/wp-json\/wp\/v2\/types\/post"}],"author":[{"embeddable":true,"href":"https:\/\/www.europesays.com\/de\/wp-json\/wp\/v2\/users\/2"}],"replies":[{"embeddable":true,"href":"https:\/\/www.europesays.com\/de\/wp-json\/wp\/v2\/comments?post=151330"}],"version-history":[{"count":0,"href":"https:\/\/www.europesays.com\/de\/wp-json\/wp\/v2\/posts\/151330\/revisions"}],"wp:featuredmedia":[{"embeddable":true,"href":"https:\/\/www.europesays.com\/de\/wp-json\/wp\/v2\/media\/151331"}],"wp:attachment":[{"href":"https:\/\/www.europesays.com\/de\/wp-json\/wp\/v2\/media?parent=151330"}],"wp:term":[{"taxonomy":"category","embeddable":true,"href":"https:\/\/www.europesays.com\/de\/wp-json\/wp\/v2\/categories?post=151330"},{"taxonomy":"post_tag","embeddable":true,"href":"https:\/\/www.europesays.com\/de\/wp-json\/wp\/v2\/tags?post=151330"}],"curies":[{"name":"wp","href":"https:\/\/api.w.org\/{rel}","templated":true}]}}