{"id":151342,"date":"2025-05-30T11:08:14","date_gmt":"2025-05-30T11:08:14","guid":{"rendered":"https:\/\/www.europesays.com\/de\/151342\/"},"modified":"2025-05-30T11:08:14","modified_gmt":"2025-05-30T11:08:14","slug":"gerry-weber-schliesst-alle-seine-geschaefte-marke-an-spanische-firma-verkauft","status":"publish","type":"post","link":"https:\/\/www.europesays.com\/de\/151342\/","title":{"rendered":"Gerry Weber schlie\u00dft alle seine Gesch\u00e4fte \u2013 Marke an spanische Firma verkauft"},"content":{"rendered":"<p>Der ostwestf\u00e4lische Modehersteller Gerry Weber steckt seit Langem in der Krise, ist insolvent und schlie\u00dft nun alle deutschen Gesch\u00e4fte. Die Marke wird von einem spanischen Familienunternehmen \u00fcbernommen.<\/p>\n<p class=\"is-first-paragraph\" data-external=\"Article.FirstParagraph\">Der insolvente Modehersteller Gerry Weber schlie\u00dft alle seine Gesch\u00e4fte in Deutschland. Das Unternehmen teilte in Halle\/Westfalen mit, dass der vorl\u00e4ufige Gl\u00e4ubigerausschuss dem \u00dcbernahmekonzept der spanischen Modefirma Victrix zugestimmt habe. Auch der vorl\u00e4ufige Sachwalter Lucas Fl\u00f6ther habe gr\u00fcnes Licht gegeben.<\/p>\n<p>Den Angaben zufolge \u00fcbernimmt das spanische Familienunternehmen die Marke Gerry Weber. Die noch gut 40 Shops und Outlets von Gerry Weber in Deutschland sowie weitere Shops in anderen Staaten sollen hingegen in den kommenden Monaten geschlossen werden. Der neue Markeneigent\u00fcmer m\u00f6chte die Gerry-Weber-Damenmode in Deutschland k\u00fcnftig \u00fcber Handelspartner verkaufen, die auch andere Marken im Sortiment haben. <\/p>\n<p>Gerry Weber ist seit Langem in der Krise. <a class=\"is-link c-block-items__link c-link--rich-text-renderer\" href=\"https:\/\/www.welt.de\/wirtschaft\/article187698684\/Kriselnde-Modehersteller-Gerry-Weber-beantragt-Insolvenz.html\" data-internal-tracking-enabled=\"true\" data-internal-tracking=\"{&quot;action&quot;:&quot;click&quot;,&quot;label&quot;:&quot;link&quot;,&quot;name&quot;:&quot;Inline Element&quot;,&quot;data&quot;:{&quot;source&quot;:&quot;&quot;,&quot;target&quot;:&quot;https:\/\/www.welt.de\/wirtschaft\/article187698684\/Kriselnde-Modehersteller-Gerry-Weber-beantragt-Insolvenz.html&quot;,&quot;trackingName&quot;:&quot;&quot;,&quot;trackingLabel&quot;:&quot;&quot;}}\" rel=\"nofollow noopener\" target=\"_blank\">Sanierungsversuche<\/a> in den Jahren 2019 und 2023 scheiterten, auch herbe Einschnitte brachten nicht den erw\u00fcnschten positiven Einspareffekt. 2023 schloss Gerry Weber 122 seiner 171 eigenen L\u00e4den und Outlets in Deutschland und strich dabei etwa 450 Stellen. Doch diese radikale Schrumpfkur verpuffte. <\/p>\n<p>Nun erfolgt die Vollbremsung, und nur die Marke soll es k\u00fcnftig weiter geben. Die Spanier, deren Modemarke Punt Roma hei\u00dft, ziehen auch die Produktion an sich. Der Modehersteller Gerry Weber hingegen, der einst einem bekannten Tennisturnier in Halle\/Westfalen als Sponsor seinen Namen gab, verschwindet. Wie viel das Familienunternehmen aus Matar\u00f3 bei Barcelona f\u00fcr die deutsche Damenmode-Marke zahlt, ist nicht bekannt. \u00dcber die wirtschaftlichen Details der Vereinbarung sei Stillschweigen vereinbart worden, hie\u00df es. <\/p>\n<p>Modebranche ist auch insgesamt unter Druck<\/p>\n<p>\u201eGerry Weber passt perfekt zu unserer Kernmarke Punt Roma\u201c, teilte das Management der Victrix-Gruppe mit. \u201eWir bauen damit unsere Position im gehobenen Mittelpreissegment aus, vor allem in Mittel- und Osteuropa, wo Gerry Weber eine hohe Bekanntheit hat.\u201c Durch die z\u00fcgige Umstellung von Produktion und anderer Abl\u00e4ufe auf bestehende Victrix-Strukturen werde f\u00fcr den Handel und die Endkunden ein nahtloser \u00dcbergang sichergestellt. <\/p>\n<p>Deutschlands Modebranche durchlebt schwierige Zeiten. Zuletzt meldeten bekannte Unternehmen wie die Kaufhauskette Galeria sowie die Modeh\u00e4ndler Esprit und Sinn Insolvenz an. Den Firmen macht zu schaffen, dass viele Kunden angesichts der schwachen Konjunktur sparsamer sind. Zugleich sind Kosten f\u00fcr Energie, Miete und Geh\u00e4lter stark gestiegen. Schwierig ist die Situation vor allem im station\u00e4ren Textil- und Modefachhandel, der w\u00e4hrend der Pandemie hohe Verluste erlitt. Anschlie\u00dfend nahm das Gesch\u00e4ft wieder Fahrt auf, an das vorherige Niveau konnte man aber bislang nicht ankn\u00fcpfen.<\/p>\n<p>dpa\/ll\/s\u00e4d<\/p>\n","protected":false},"excerpt":{"rendered":"Der ostwestf\u00e4lische Modehersteller Gerry Weber steckt seit Langem in der Krise, ist insolvent und schlie\u00dft nun alle deutschen&hellip;\n","protected":false},"author":2,"featured_media":151343,"comment_status":"","ping_status":"","sticky":false,"template":"","format":"standard","meta":{"footnotes":""},"categories":[134],"tags":[175,170,169,29,30,53809,171,174,110,28947,173,172],"class_list":{"0":"post-151342","1":"post","2":"type-post","3":"status-publish","4":"format-standard","5":"has-post-thumbnail","7":"category-unternehmen-maerkte","8":"tag-business","9":"tag-companies","10":"tag-companies-markets","11":"tag-deutschland","12":"tag-germany","13":"tag-insolvenzen-ks","14":"tag-markets","15":"tag-maerkte","16":"tag-newsteam","17":"tag-textilindustrie","18":"tag-unternehmen","19":"tag-unternehmen-maerkte"},"share_on_mastodon":{"url":"https:\/\/pubeurope.com\/@de\/114596472717037639","error":""},"_links":{"self":[{"href":"https:\/\/www.europesays.com\/de\/wp-json\/wp\/v2\/posts\/151342","targetHints":{"allow":["GET"]}}],"collection":[{"href":"https:\/\/www.europesays.com\/de\/wp-json\/wp\/v2\/posts"}],"about":[{"href":"https:\/\/www.europesays.com\/de\/wp-json\/wp\/v2\/types\/post"}],"author":[{"embeddable":true,"href":"https:\/\/www.europesays.com\/de\/wp-json\/wp\/v2\/users\/2"}],"replies":[{"embeddable":true,"href":"https:\/\/www.europesays.com\/de\/wp-json\/wp\/v2\/comments?post=151342"}],"version-history":[{"count":0,"href":"https:\/\/www.europesays.com\/de\/wp-json\/wp\/v2\/posts\/151342\/revisions"}],"wp:featuredmedia":[{"embeddable":true,"href":"https:\/\/www.europesays.com\/de\/wp-json\/wp\/v2\/media\/151343"}],"wp:attachment":[{"href":"https:\/\/www.europesays.com\/de\/wp-json\/wp\/v2\/media?parent=151342"}],"wp:term":[{"taxonomy":"category","embeddable":true,"href":"https:\/\/www.europesays.com\/de\/wp-json\/wp\/v2\/categories?post=151342"},{"taxonomy":"post_tag","embeddable":true,"href":"https:\/\/www.europesays.com\/de\/wp-json\/wp\/v2\/tags?post=151342"}],"curies":[{"name":"wp","href":"https:\/\/api.w.org\/{rel}","templated":true}]}}