{"id":151350,"date":"2025-05-30T11:13:12","date_gmt":"2025-05-30T11:13:12","guid":{"rendered":"https:\/\/www.europesays.com\/de\/151350\/"},"modified":"2025-05-30T11:13:12","modified_gmt":"2025-05-30T11:13:12","slug":"massive-sturmfront-mit-starkregen-und-hagel-zieht-auf","status":"publish","type":"post","link":"https:\/\/www.europesays.com\/de\/151350\/","title":{"rendered":"Massive Sturmfront mit Starkregen und Hagel zieht auf"},"content":{"rendered":"<p>Bis zu 40 Liter Regen in kurzer Zeit <\/p>\n<p>Regen, Sturm und Gewitter \u2013 Unwetter erreichen Aachen<\/p>\n<p>30.05.2025 &#8211; 12:52 UhrLesedauer: 2 Min.<\/p>\n<p><a href=\"#focus-0\" class=\"transition-colors duration-200 focus-within:text-magenta block text-current relative\" data-sctrack=\"FocusGalleryImage.Reference\"><img fetchpriority=\"high\" data-testid=\"Opener.Image\" style=\"--lqipURL:url('https:\/\/images.t-online.de\/2025\/05\/kj1HCsOfVxMl\/0x461:3500x1969\/fit-in\/150x0\/filters:blur(25)\/unwetter-am-himmel-symbolbild-in-aachen-wird-es-warm-die-gefahr-fuer-unwetter-steigt-gleichzeitig.jpg')\"   loading=\"eager\" src=\"https:\/\/www.europesays.com\/de\/wp-content\/uploads\/2025\/05\/unwetter-am-himmel-symbolbild-in-aachen-wird-es-warm-die-gefahr-fuer-unwetter-steigt-gleichzeitig.jp.jpeg\" alt=\"imago images 0301882615\" title=\"imago images 0301882615\" width=\"3500\" height=\"1969\" class=\"bg-[url:var(--lqipURL)] bg-cover bg-center flex w-full max-w-full h-full\" decoding=\"async\"\/><img style=\"--width:32;--height:32\" loading=\"lazy\" src=\"https:\/\/www.europesays.com\/de\/wp-content\/uploads\/2025\/05\/zoom-in.f7dae02f.svg.svg+xml\" alt=\"Vergr\u00f6\u00dfern des Bildes\" title=\"Vergr\u00f6\u00dfern des Bildes\" class=\"&#10;        block&#10;        h-[calc(var(--height)_\/_16_*_1rem)]&#10;        w-[calc(var(--width)_\/_16_*_1rem)]&#10;        max-w-none&#10;        absolute bottom-8 right-8 rounded-4 bg-snow p-8\" decoding=\"async\"\/><\/a><\/p>\n<p>Unwetter am Himmel (Symbolbild): In Aachen wird es warm \u2013 die Gefahr f\u00fcr Unwetter steigt gleichzeitig. (Quelle: IMAGO\/Alexander Wolf)<\/p>\n<p class=\"font-bold text-18 leading-17\">Der Deutsche Wetterdienst erwartet ab Samstag schwere Gewitter in NRW. Auch Aachen und das Umland m\u00fcssen mit Starkregen, Hagel und Sturmb\u00f6en rechnen.<\/p>\n<p class=\"text-18 leading-17\">Laut dem Deutschen Wetterdienst (DWD) kann es fl\u00e4chendeckend zu Regenmengen zwischen 15 und 25 Litern pro Quadratmeter in kurzer Zeit kommen. Lokal seien auch bis zu 40 Liter m\u00f6glich. Zus\u00e4tzlich warnt der Wetterdienst vor Hagelk\u00f6rnern mit einem Durchmesser von bis zu drei Zentimetern. Sturmb\u00f6en k\u00f6nnten Geschwindigkeiten von bis zu 100 Kilometern pro Stunde erreichen.<\/p>\n<p class=\"text-18 leading-17\">Verantwortlich f\u00fcr die <a class=\"transition-colors duration-200 cursor-pointer text-inherit no-underline text-salemsfur md:hover:text-magenta md:hover:border-magenta md:focus:text-magenta border-current border-b border-solid break-words\" href=\"https:\/\/www.t-online.de\/themen\/unwetter\/\" data-sctrack=\"BodyAnchor\" target=\"_blank\" rel=\"noopener\">Unwetter<\/a> ist das Aufeinandertreffen eines atlantischen Tiefdruckgebiets mit hei\u00dfer Luft aus s\u00fcdlichen Regionen. Diese Wetterlage bringt am Wochenende sommerliche Temperaturen. In <a class=\"transition-colors duration-200 cursor-pointer text-inherit no-underline text-salemsfur md:hover:text-magenta md:hover:border-magenta md:focus:text-magenta border-current border-b border-solid break-words\" href=\"https:\/\/www.t-online.de\/themen\/aachen\/\" data-sctrack=\"BodyAnchor\" target=\"_blank\" rel=\"noopener\">Aachen<\/a> werden am Freitag (30. Mai) und Samstag H\u00f6chstwerte von bis zu 26 Grad erwartet.<\/p>\n<p class=\"text-18 leading-17\">Eine amtliche Unwetterwarnung f\u00fcr Nordrhein-Westfalen hatte der DWD bis Freitagmittag noch nicht herausgegeben. Erste Auswirkungen seien allerdings bereits in Norddeutschland zu sp\u00fcren. Dort gilt eine Warnung vor Windb\u00f6en aus westlicher Richtung.<\/p>\n<p class=\"text-18 leading-17\">Nach Angaben des Wetterdienstes &#8222;Kachelmannwetter&#8220; k\u00f6nne es ab Samstag zu einer rasanten Entwicklung der Gewitterlage kommen: &#8222;Unser Modell l\u00e4sst es morgen von der <a class=\"transition-colors duration-200 cursor-pointer text-inherit no-underline text-salemsfur md:hover:text-magenta md:hover:border-magenta md:focus:text-magenta border-current border-b border-solid break-words\" href=\"https:\/\/www.t-online.de\/themen\/eifel\/\" data-sctrack=\"BodyAnchor\" target=\"_blank\" rel=\"noopener\">Eifel<\/a> her explosionsartig z\u00fcnden&#8220;, hei\u00dft es auf der Plattform X. Besonders gef\u00e4hrdet seien das K\u00f6lner Stadtgebiet, der Oberbergische Kreis sowie die Eifelregion.<\/p>\n<p class=\"text-18 leading-17\">Auch am Sonntag bleibt es laut DWD gewittrig und schw\u00fclwarm. Die Temperaturen liegen zwischen 21 und 24 Grad. In der Nacht zu Montag k\u00fchlt es auf 13 bis 9 Grad ab. Erst zu Wochenbeginn ziehen die Unwetter weiter.<\/p>\n","protected":false},"excerpt":{"rendered":"Bis zu 40 Liter Regen in kurzer Zeit Regen, Sturm und Gewitter \u2013 Unwetter erreichen Aachen 30.05.2025 &#8211;&hellip;\n","protected":false},"author":2,"featured_media":151351,"comment_status":"","ping_status":"","sticky":false,"template":"","format":"standard","meta":{"footnotes":""},"categories":[1853],"tags":[1424,3364,29,4906,1418,548,663,3934,30,19634,13,14,15,1209,12,32438,4028,1973],"class_list":{"0":"post-151350","1":"post","2":"type-post","3":"status-publish","4":"format-standard","5":"has-post-thumbnail","7":"category-aachen","8":"tag-aachen","9":"tag-de","10":"tag-deutschland","11":"tag-dwd","12":"tag-eifel","13":"tag-eu","14":"tag-europa","15":"tag-europe","16":"tag-germany","17":"tag-gewitter","18":"tag-headlines","19":"tag-nachrichten","20":"tag-news","21":"tag-nordrhein-westfalen","22":"tag-schlagzeilen","23":"tag-sturmboee","24":"tag-unwetter","25":"tag-wetter"},"share_on_mastodon":{"url":"https:\/\/pubeurope.com\/@de\/114596492432357281","error":""},"_links":{"self":[{"href":"https:\/\/www.europesays.com\/de\/wp-json\/wp\/v2\/posts\/151350","targetHints":{"allow":["GET"]}}],"collection":[{"href":"https:\/\/www.europesays.com\/de\/wp-json\/wp\/v2\/posts"}],"about":[{"href":"https:\/\/www.europesays.com\/de\/wp-json\/wp\/v2\/types\/post"}],"author":[{"embeddable":true,"href":"https:\/\/www.europesays.com\/de\/wp-json\/wp\/v2\/users\/2"}],"replies":[{"embeddable":true,"href":"https:\/\/www.europesays.com\/de\/wp-json\/wp\/v2\/comments?post=151350"}],"version-history":[{"count":0,"href":"https:\/\/www.europesays.com\/de\/wp-json\/wp\/v2\/posts\/151350\/revisions"}],"wp:featuredmedia":[{"embeddable":true,"href":"https:\/\/www.europesays.com\/de\/wp-json\/wp\/v2\/media\/151351"}],"wp:attachment":[{"href":"https:\/\/www.europesays.com\/de\/wp-json\/wp\/v2\/media?parent=151350"}],"wp:term":[{"taxonomy":"category","embeddable":true,"href":"https:\/\/www.europesays.com\/de\/wp-json\/wp\/v2\/categories?post=151350"},{"taxonomy":"post_tag","embeddable":true,"href":"https:\/\/www.europesays.com\/de\/wp-json\/wp\/v2\/tags?post=151350"}],"curies":[{"name":"wp","href":"https:\/\/api.w.org\/{rel}","templated":true}]}}