{"id":151356,"date":"2025-05-30T11:16:13","date_gmt":"2025-05-30T11:16:13","guid":{"rendered":"https:\/\/www.europesays.com\/de\/151356\/"},"modified":"2025-05-30T11:16:13","modified_gmt":"2025-05-30T11:16:13","slug":"gerry-weber-in-den-schlossarkaden-schliesst-der-grund","status":"publish","type":"post","link":"https:\/\/www.europesays.com\/de\/151356\/","title":{"rendered":"Gerry Weber in den Schlossarkaden schlie\u00dft \u2013 der Grund"},"content":{"rendered":"<p>Hersteller insolvent <\/p>\n<p>Mode-Laden in den Schlossarkaden macht dicht<\/p>\n<p>30.05.2025 &#8211; 13:08 UhrLesedauer: 1 Min.<\/p>\n<p><a href=\"#focus-0\" class=\"transition-colors duration-200 focus-within:text-magenta block text-current relative\" data-sctrack=\"FocusGalleryImage.Reference\"><img fetchpriority=\"high\" data-testid=\"Opener.Image\" style=\"--lqipURL:url('https:\/\/images.t-online.de\/2025\/05\/y7pRj1gPAM9U\/0x210:4000x2250\/fit-in\/150x0\/filters:blur(25)\/schloss-mit-schloss-arkaden-braunschweig-niedersachsen-deutschland-europa-castle-with-castle-arcades-brunswick-lower-saxony-germany-europe-copyright-imagebroker-f-xscholz-iblszf05454858-jpg.jpg')\"   loading=\"eager\" src=\"https:\/\/www.europesays.com\/de\/wp-content\/uploads\/2025\/05\/schloss-mit-schloss-arkaden-braunschweig-niedersachsen-deutschland-europa-castle-with-castle-arcades.jpeg\" alt=\"imago images 132259486\" title=\"imago images 132259486\" width=\"4000\" height=\"2250\" class=\"bg-[url:var(--lqipURL)] bg-cover bg-center flex w-full max-w-full h-full\" decoding=\"async\"\/><img style=\"--width:32;--height:32\" loading=\"lazy\" src=\"https:\/\/www.europesays.com\/de\/wp-content\/uploads\/2025\/05\/zoom-in.f7dae02f.svg.svg+xml\" alt=\"Vergr\u00f6\u00dfern des Bildes\" title=\"Vergr\u00f6\u00dfern des Bildes\" class=\"&#10;        block&#10;        h-[calc(var(--height)_\/_16_*_1rem)]&#10;        w-[calc(var(--width)_\/_16_*_1rem)]&#10;        max-w-none&#10;        absolute bottom-8 right-8 rounded-4 bg-snow p-8\" decoding=\"async\"\/><\/a><\/p>\n<p>Schlossarkaden in Braunschweig (Archivbild): Ein Mode-Laden in der Innenstadt schlie\u00dft. (Quelle: imageBROKER\/F. Scholz via www.imago-images.de\/imago)<\/p>\n<p class=\"font-bold text-18 leading-17\">Schlussstrich bei Gerry Weber: Die Filialen des Modeherstellers schlie\u00dfen bundesweit. Folglich macht auch der Laden in den Braunschweiger Schlossarkaden dicht.<\/p>\n<p class=\"text-18 leading-17\"><a class=\"transition-colors duration-200 cursor-pointer text-inherit no-underline text-salemsfur md:hover:text-magenta md:hover:border-magenta md:focus:text-magenta border-current border-b border-solid break-words\" href=\"https:\/\/www.t-online.de\/themen\/gerry-weber\/\" data-sctrack=\"BodyAnchor\" target=\"_blank\" rel=\"noopener\">Gerry Weber<\/a> gibt auf: Der insolvente Modehersteller schlie\u00dft alle verbliebenen Gesch\u00e4fte in Deutschland \u2013 und damit auch die Filiale in den Schlossarkaden in <a class=\"transition-colors duration-200 cursor-pointer text-inherit no-underline text-salemsfur md:hover:text-magenta md:hover:border-magenta md:focus:text-magenta border-current border-b border-solid break-words\" href=\"https:\/\/www.t-online.de\/themen\/braunschweig\/\" data-sctrack=\"BodyAnchor\" target=\"_blank\" rel=\"noopener\">Braunschweig<\/a>.<\/p>\n<p class=\"text-18 leading-17\">Die spanische Modefirma Victrix \u00fcbernimmt zwar die Marke, nicht aber die rund 40 Shops und Outlets hierzulande \u2013 auch im Ausland wird der station\u00e4re Handel abgewickelt. <a class=\"transition-colors duration-200 cursor-pointer text-inherit no-underline text-salemsfur md:hover:text-magenta md:hover:border-magenta md:focus:text-magenta border-current border-b border-solid break-words\" href=\"https:\/\/www.t-online.de\/finanzen\/aktuelles\/wirtschaft\/id_100746400\/gerry-weber-schliesst-alle-filialen-in-deutschland.html\" data-sctrack=\"BodyAnchor\" target=\"_blank\" rel=\"noopener\">Das teilte das Unternehmen am Freitag in Halle\/Westfalen mit.<\/a> Der vorl\u00e4ufige Gl\u00e4ubigerausschuss und Sachwalter Lucas Fl\u00f6ther haben dem Konzept zugestimmt. Wann genau die Filiale in der L\u00f6wenstadt schlie\u00dft, blieb zun\u00e4chst offen.<\/p>\n<p class=\"text-18 leading-17\">Klar ist aber, dass damit die Geschichte eines einstigen Mode-Schwergewichts endet. K\u00fcnftig soll Gerry-Weber-Damenmode nur noch \u00fcber Handelspartner verkauft werden \u2013 also in L\u00e4den, die auch andere Marken f\u00fchren. Die Produktion wandert ebenfalls in spanische H\u00e4nde: Victrix, ein Familienunternehmen aus Matar\u00f3 bei <a class=\"transition-colors duration-200 cursor-pointer text-inherit no-underline text-salemsfur md:hover:text-magenta md:hover:border-magenta md:focus:text-magenta border-current border-b border-solid break-words\" href=\"https:\/\/www.t-online.de\/themen\/barcelona\/\" data-sctrack=\"BodyAnchor\" target=\"_blank\" rel=\"noopener\">Barcelona<\/a>, wird die Linie weiterf\u00fchren.<\/p>\n<p class=\"text-18 leading-17\">Gerry Weber hatte bereits 2019 und 2023 versucht, sich durch harte Einschnitte zu retten \u2013 vergeblich. Vor einem Jahr wurden 122 von 171 Filialen in Deutschland dichtgemacht und rund 450 Stellen gestrichen. Doch selbst dieser radikale Sparkurs brachte nicht die erhoffte Wende.<\/p>\n<p class=\"text-18 leading-17\">Nun folgt die endg\u00fcltige Vollbremsung. Die Marke bleibt, das Unternehmen verschwindet. Wie viel Victrix f\u00fcr den Traditionsnamen zahlt, ist unklar. \u00dcber die wirtschaftlichen Details wurde Stillschweigen vereinbart.<\/p>\n","protected":false},"excerpt":{"rendered":"Hersteller insolvent Mode-Laden in den Schlossarkaden macht dicht 30.05.2025 &#8211; 13:08 UhrLesedauer: 1 Min. Schlossarkaden in Braunschweig (Archivbild):&hellip;\n","protected":false},"author":2,"featured_media":151357,"comment_status":"","ping_status":"","sticky":false,"template":"","format":"standard","meta":{"footnotes":""},"categories":[1850],"tags":[722,6429,3364,29,548,663,3934,30,37053,13,14,15,1411,12,32786,3000,53812,8404],"class_list":{"0":"post-151356","1":"post","2":"type-post","3":"status-publish","4":"format-standard","5":"has-post-thumbnail","7":"category-braunschweig","8":"tag-722","9":"tag-braunschweig","10":"tag-de","11":"tag-deutschland","12":"tag-eu","13":"tag-europa","14":"tag-europe","15":"tag-germany","16":"tag-gerry-weber","17":"tag-headlines","18":"tag-nachrichten","19":"tag-news","20":"tag-niedersachsen","21":"tag-schlagzeilen","22":"tag-schlossarkade","23":"tag-schlussstrich","24":"tag-victrix","25":"tag-westfalen"},"share_on_mastodon":{"url":"https:\/\/pubeurope.com\/@de\/114596504205875029","error":""},"_links":{"self":[{"href":"https:\/\/www.europesays.com\/de\/wp-json\/wp\/v2\/posts\/151356","targetHints":{"allow":["GET"]}}],"collection":[{"href":"https:\/\/www.europesays.com\/de\/wp-json\/wp\/v2\/posts"}],"about":[{"href":"https:\/\/www.europesays.com\/de\/wp-json\/wp\/v2\/types\/post"}],"author":[{"embeddable":true,"href":"https:\/\/www.europesays.com\/de\/wp-json\/wp\/v2\/users\/2"}],"replies":[{"embeddable":true,"href":"https:\/\/www.europesays.com\/de\/wp-json\/wp\/v2\/comments?post=151356"}],"version-history":[{"count":0,"href":"https:\/\/www.europesays.com\/de\/wp-json\/wp\/v2\/posts\/151356\/revisions"}],"wp:featuredmedia":[{"embeddable":true,"href":"https:\/\/www.europesays.com\/de\/wp-json\/wp\/v2\/media\/151357"}],"wp:attachment":[{"href":"https:\/\/www.europesays.com\/de\/wp-json\/wp\/v2\/media?parent=151356"}],"wp:term":[{"taxonomy":"category","embeddable":true,"href":"https:\/\/www.europesays.com\/de\/wp-json\/wp\/v2\/categories?post=151356"},{"taxonomy":"post_tag","embeddable":true,"href":"https:\/\/www.europesays.com\/de\/wp-json\/wp\/v2\/tags?post=151356"}],"curies":[{"name":"wp","href":"https:\/\/api.w.org\/{rel}","templated":true}]}}