{"id":151366,"date":"2025-05-30T11:21:09","date_gmt":"2025-05-30T11:21:09","guid":{"rendered":"https:\/\/www.europesays.com\/de\/151366\/"},"modified":"2025-05-30T11:21:09","modified_gmt":"2025-05-30T11:21:09","slug":"nachruf-kuenstler-hoetsch-hoehle-verstorben-mannheim","status":"publish","type":"post","link":"https:\/\/www.europesays.com\/de\/151366\/","title":{"rendered":"Nachruf: K\u00fcnstler H\u00f6tsch H\u00f6hle verstorben &#8211; Mannheim"},"content":{"rendered":"<p><b>Freunde und Weggef\u00e4hrten trauern um den Mannheimer K\u00fcnstler H\u00f6tsch H\u00f6hle, der am vergangenen Wochenende im Alter von 57 Jahren \u00fcberraschend verstorben ist. <\/b><\/p>\n<p>\u201eAm 9. Februar 1968 als Holger Braun in <a class=\"rtr-entity\" data-rtr-entity=\"Stuttgart\" data-rtr-id=\"bdcb100100d1ee20d776dd903bb1110a54a1c3c4\" data-rtr-score=\"6.237154150197628\" data-rtr-etype=\"location\" data-rtr-index=\"1\" href=\"https:\/\/www.rheinpfalz.de\/themen\/stuttgart?utm_source=rheinpfalz.de&amp;utm_medium=tms&amp;utm_campaign=intext\" target=\"_blank\" rel=\"noopener\">Stuttgart<\/a> geboren, kam er nach Schule und Zivildienst zum Studieren (Germanistik und Geografie) nach <a class=\"rtr-entity\" data-rtr-entity=\"Mannheim\" data-rtr-id=\"8e39f98d121d00ffdaf4f78a2ae2e7dea2653ba7\" data-rtr-score=\"28.90909090909091\" data-rtr-etype=\"location\" data-rtr-index=\"2\" href=\"https:\/\/www.rheinpfalz.de\/lokal\/mannheim.html?utm_source=rheinpfalz.de&amp;utm_medium=tms&amp;utm_campaign=intext\" target=\"_blank\" rel=\"noopener\">Mannheim<\/a> und war seit Mitte der 1990er-Jahre ein aktiver Mitarbeiter des Buero f\u00fcr angewandten Realismus\u201c, teilt der Ludwigshafener Helmut van der <a class=\"rtr-entity\" data-rtr-entity=\"Buchholz\" data-rtr-id=\"ad48b4aa6262794a873e5448fb8d58ed544eca28\" data-rtr-score=\"9.533596837944664\" data-rtr-etype=\"location\" data-rtr-index=\"3\" href=\"https:\/\/www.rheinpfalz.de\/themen\/buchholz?utm_source=rheinpfalz.de&amp;utm_medium=tms&amp;utm_campaign=intext\" target=\"_blank\" rel=\"noopener\">Buchholz<\/a> im Namen der K\u00fcnstlergruppe und der Ateliergemeinschaft Umspannwerk mit. Dort, im TWL-Umspannwerk am Mundenheimer Friedhof, und zuvor im Kulturdepot hatte H\u00f6hle Atelierr\u00e4ume. Gegl\u00e4nzt habe der stets schwarz gekleidete H\u00f6hle unter anderem als Oberkellner Leopold im \u201eWei\u00dfen R\u00f6ssl\u201c, als Reich-Ranicki-Imitator oder als Jurymitglied bei f\u00fcnf Kunstweltmeisterschaften, schreibt Buchholz. <\/p>\n<p>Maler, Musiker, Radiomacher, Barkeeper<\/p>\n<p>Nicht nur als  Bildender K\u00fcnstler war H\u00f6hle aktiv, sondern auch als Musiker, als Moderator beim freien Mannheimer Radiosender Bermudafunk (\u201eRadiotrinkende\u201c), als Schauspieler und als Theaterregisseur. Gro\u00df ist die Trauer um H\u00f6tsch H\u00f6hle auch bei Mitarbeitern und G\u00e4sten der Jungbusch-Kneipe Blau, in der er jahrzehntelang als Barkeeper gearbeitet hatte.<\/p>\n","protected":false},"excerpt":{"rendered":"Freunde und Weggef\u00e4hrten trauern um den Mannheimer K\u00fcnstler H\u00f6tsch H\u00f6hle, der am vergangenen Wochenende im Alter von 57&hellip;\n","protected":false},"author":2,"featured_media":151367,"comment_status":"","ping_status":"","sticky":false,"template":"","format":"standard","meta":{"footnotes":""},"categories":[1845],"tags":[1634,26112,3364,29,548,663,3934,30,13,53814,4060,2096,525,14,15,12,1441],"class_list":{"0":"post-151366","1":"post","2":"type-post","3":"status-publish","4":"format-standard","5":"has-post-thumbnail","7":"category-mannheim","8":"tag-baden-wuerttemberg","9":"tag-buchholz","10":"tag-de","11":"tag-deutschland","12":"tag-eu","13":"tag-europa","14":"tag-europe","15":"tag-germany","16":"tag-headlines","17":"tag-holger-braun","18":"tag-lokal","19":"tag-mannheim","20":"tag-mitte","21":"tag-nachrichten","22":"tag-news","23":"tag-schlagzeilen","24":"tag-stuttgart"},"share_on_mastodon":{"url":"https:\/\/pubeurope.com\/@de\/114596523871767506","error":""},"_links":{"self":[{"href":"https:\/\/www.europesays.com\/de\/wp-json\/wp\/v2\/posts\/151366","targetHints":{"allow":["GET"]}}],"collection":[{"href":"https:\/\/www.europesays.com\/de\/wp-json\/wp\/v2\/posts"}],"about":[{"href":"https:\/\/www.europesays.com\/de\/wp-json\/wp\/v2\/types\/post"}],"author":[{"embeddable":true,"href":"https:\/\/www.europesays.com\/de\/wp-json\/wp\/v2\/users\/2"}],"replies":[{"embeddable":true,"href":"https:\/\/www.europesays.com\/de\/wp-json\/wp\/v2\/comments?post=151366"}],"version-history":[{"count":0,"href":"https:\/\/www.europesays.com\/de\/wp-json\/wp\/v2\/posts\/151366\/revisions"}],"wp:featuredmedia":[{"embeddable":true,"href":"https:\/\/www.europesays.com\/de\/wp-json\/wp\/v2\/media\/151367"}],"wp:attachment":[{"href":"https:\/\/www.europesays.com\/de\/wp-json\/wp\/v2\/media?parent=151366"}],"wp:term":[{"taxonomy":"category","embeddable":true,"href":"https:\/\/www.europesays.com\/de\/wp-json\/wp\/v2\/categories?post=151366"},{"taxonomy":"post_tag","embeddable":true,"href":"https:\/\/www.europesays.com\/de\/wp-json\/wp\/v2\/tags?post=151366"}],"curies":[{"name":"wp","href":"https:\/\/api.w.org\/{rel}","templated":true}]}}