{"id":151370,"date":"2025-05-30T11:23:09","date_gmt":"2025-05-30T11:23:09","guid":{"rendered":"https:\/\/www.europesays.com\/de\/151370\/"},"modified":"2025-05-30T11:23:09","modified_gmt":"2025-05-30T11:23:09","slug":"mann-stirbt-bei-brand-in-mehrparteienhaus-karlsruhe","status":"publish","type":"post","link":"https:\/\/www.europesays.com\/de\/151370\/","title":{"rendered":"Mann stirbt bei Brand in Mehrparteienhaus &#8211; Karlsruhe"},"content":{"rendered":"<p><b\/>Bei einem Wohnungsbrand im Karlsruher Stadtteil Durlach ist in der Nacht auf Freitag ein Mensch  ums Leben gekommen. Das Feuer in einem Mehrfamilienhaus hatte einen Gro\u00dfeinsatz der Feuerwehr und Polizei ausgel\u00f6st.<\/p>\n<p>Nach derzeitigem Stand der Ermittlungen brach gegen 3.20  Uhr aus bislang ungekl\u00e4rter Ursache ein Feuer in einer Wohnung im ersten Obergeschoss eines Mehrfamilienhauses in der Reichenbachstra\u00dfe aus. Trotz unmittelbar eingeleiteter L\u00f6schma\u00dfnahmen konnte laut Polizei der 66-j\u00e4hrige Wohnungsinhaber nur noch tot geborgen werden. Retter k\u00fcmmerten sich au\u00dferdem um einen Bewohner  einer dar\u00fcberliegenden Wohnung mit Verdacht auf eine Rauchgasvergiftung. <\/p>\n<p>Das Feuer  konnte von den Einsatzkr\u00e4ften z\u00fcgig gel\u00f6scht und ein \u00dcbergreifen auf andere Wohnungen verhindert werden. Die anderen Bewohner des Mehrparteienhauses konnten anschlie\u00dfend in ihre Wohnungen zur\u00fcckkehren. Die Wohnung, in der der Brand ausgebrochen war, ist bis auf Weiteres nicht bewohnbar. Die Kriminalpolizei hat  Ermittlungen zur Ursache aufgenommen.  Der Sachschaden wird auf rund 80.000 Euro beziffert.<\/p>\n","protected":false},"excerpt":{"rendered":"Bei einem Wohnungsbrand im Karlsruher Stadtteil Durlach ist in der Nacht auf Freitag ein Mensch ums Leben gekommen.&hellip;\n","protected":false},"author":2,"featured_media":151371,"comment_status":"","ping_status":"","sticky":false,"template":"","format":"standard","meta":{"footnotes":""},"categories":[1844],"tags":[1634,3364,29,20957,985,30,8903,4060,10042,121,2537],"class_list":{"0":"post-151370","1":"post","2":"type-post","3":"status-publish","4":"format-standard","5":"has-post-thumbnail","7":"category-karlsruhe","8":"tag-baden-wuerttemberg","9":"tag-de","10":"tag-deutschland","11":"tag-durlach","12":"tag-feuerwehr","13":"tag-germany","14":"tag-karlsruhe","15":"tag-lokal","16":"tag-mehrparteienhaus","17":"tag-polizei","18":"tag-wohnungsbrand"},"share_on_mastodon":{"url":"https:\/\/pubeurope.com\/@de\/114596531752475989","error":""},"_links":{"self":[{"href":"https:\/\/www.europesays.com\/de\/wp-json\/wp\/v2\/posts\/151370","targetHints":{"allow":["GET"]}}],"collection":[{"href":"https:\/\/www.europesays.com\/de\/wp-json\/wp\/v2\/posts"}],"about":[{"href":"https:\/\/www.europesays.com\/de\/wp-json\/wp\/v2\/types\/post"}],"author":[{"embeddable":true,"href":"https:\/\/www.europesays.com\/de\/wp-json\/wp\/v2\/users\/2"}],"replies":[{"embeddable":true,"href":"https:\/\/www.europesays.com\/de\/wp-json\/wp\/v2\/comments?post=151370"}],"version-history":[{"count":0,"href":"https:\/\/www.europesays.com\/de\/wp-json\/wp\/v2\/posts\/151370\/revisions"}],"wp:featuredmedia":[{"embeddable":true,"href":"https:\/\/www.europesays.com\/de\/wp-json\/wp\/v2\/media\/151371"}],"wp:attachment":[{"href":"https:\/\/www.europesays.com\/de\/wp-json\/wp\/v2\/media?parent=151370"}],"wp:term":[{"taxonomy":"category","embeddable":true,"href":"https:\/\/www.europesays.com\/de\/wp-json\/wp\/v2\/categories?post=151370"},{"taxonomy":"post_tag","embeddable":true,"href":"https:\/\/www.europesays.com\/de\/wp-json\/wp\/v2\/tags?post=151370"}],"curies":[{"name":"wp","href":"https:\/\/api.w.org\/{rel}","templated":true}]}}