{"id":151381,"date":"2025-05-30T11:29:09","date_gmt":"2025-05-30T11:29:09","guid":{"rendered":"https:\/\/www.europesays.com\/de\/151381\/"},"modified":"2025-05-30T11:29:09","modified_gmt":"2025-05-30T11:29:09","slug":"sperrung-in-der-rubensstrasse-in-wuppertal-2","status":"publish","type":"post","link":"https:\/\/www.europesays.com\/de\/151381\/","title":{"rendered":"Sperrung in der Rubensstra\u00dfe in Wuppertal"},"content":{"rendered":"<p class=\"text_ohne_einzug richtext text-em-55 !leading-serif mx-6 desktop:mx-0\">W\u00e4hrend der etwa dreimonatigen Arbeiten wird die Rubensstra\u00dfe im Einm\u00fcndungsbereich der Vohwinkeler Stra\u00dfe gesperrt. Das teilten die Wuppertaler Stadtwerke nun mit. Auf der Vohwinkeler Stra\u00dfe wird der Verkehr durch eine mobile Ampel geregelt. Umleitungen werden ausgeschildert. Fu\u00dfg\u00e4nger k\u00f6nnen den Arbeitsbereich passieren. Die Busse aus Solingen umfahren die Baustelle \u00fcber die Gr\u00e4frather Stra\u00dfe.<\/p>\n","protected":false},"excerpt":{"rendered":"W\u00e4hrend der etwa dreimonatigen Arbeiten wird die Rubensstra\u00dfe im Einm\u00fcndungsbereich der Vohwinkeler Stra\u00dfe gesperrt. Das teilten die Wuppertaler&hellip;\n","protected":false},"author":2,"featured_media":151382,"comment_status":"","ping_status":"","sticky":false,"template":"","format":"standard","meta":{"footnotes":""},"categories":[1840],"tags":[3364,29,53817,30,1209,53816,524,50748,4418],"class_list":{"0":"post-151381","1":"post","2":"type-post","3":"status-publish","4":"format-standard","5":"has-post-thumbnail","7":"category-wuppertal","8":"tag-de","9":"tag-deutschland","10":"tag-einmuendungsbereich","11":"tag-germany","12":"tag-nordrhein-westfalen","13":"tag-rubensstrasse","14":"tag-strasse","15":"tag-vohwinkeler","16":"tag-wuppertal"},"share_on_mastodon":{"url":"https:\/\/pubeurope.com\/@de\/114596555402664746","error":""},"_links":{"self":[{"href":"https:\/\/www.europesays.com\/de\/wp-json\/wp\/v2\/posts\/151381","targetHints":{"allow":["GET"]}}],"collection":[{"href":"https:\/\/www.europesays.com\/de\/wp-json\/wp\/v2\/posts"}],"about":[{"href":"https:\/\/www.europesays.com\/de\/wp-json\/wp\/v2\/types\/post"}],"author":[{"embeddable":true,"href":"https:\/\/www.europesays.com\/de\/wp-json\/wp\/v2\/users\/2"}],"replies":[{"embeddable":true,"href":"https:\/\/www.europesays.com\/de\/wp-json\/wp\/v2\/comments?post=151381"}],"version-history":[{"count":0,"href":"https:\/\/www.europesays.com\/de\/wp-json\/wp\/v2\/posts\/151381\/revisions"}],"wp:featuredmedia":[{"embeddable":true,"href":"https:\/\/www.europesays.com\/de\/wp-json\/wp\/v2\/media\/151382"}],"wp:attachment":[{"href":"https:\/\/www.europesays.com\/de\/wp-json\/wp\/v2\/media?parent=151381"}],"wp:term":[{"taxonomy":"category","embeddable":true,"href":"https:\/\/www.europesays.com\/de\/wp-json\/wp\/v2\/categories?post=151381"},{"taxonomy":"post_tag","embeddable":true,"href":"https:\/\/www.europesays.com\/de\/wp-json\/wp\/v2\/tags?post=151381"}],"curies":[{"name":"wp","href":"https:\/\/api.w.org\/{rel}","templated":true}]}}