{"id":151390,"date":"2025-05-30T11:34:09","date_gmt":"2025-05-30T11:34:09","guid":{"rendered":"https:\/\/www.europesays.com\/de\/151390\/"},"modified":"2025-05-30T11:34:09","modified_gmt":"2025-05-30T11:34:09","slug":"wissenschaft-in-gefahr-muenchner-unis-blicken-besorgt-auf-die-usa","status":"publish","type":"post","link":"https:\/\/www.europesays.com\/de\/151390\/","title":{"rendered":"Wissenschaft in Gefahr? M\u00fcnchner Unis blicken besorgt auf die USA"},"content":{"rendered":"<p class=\"font-bold text-18 leading-17\">Die Trump-Regierung streicht der Elite-Uni Harvard derzeit F\u00f6rdergelder in Milliardenh\u00f6he. Auch M\u00fcnchner Universit\u00e4ten beobachten das zunehmend mit Sorge.<\/p>\n<p class=\"text-18 leading-17\">Die Universit\u00e4ten in M\u00fcnchen beobachten mit wachsender Besorgnis, wie die US-Regierung unter Donald Trump Universit\u00e4ten in den Vereinigten Staaten zunehmend unter Druck setzt. Die Technische Universit\u00e4t M\u00fcnchen (TUM) und die Ludwig-Maximilians-Universit\u00e4t (LMU) f\u00fcrchten negative Auswirkungen auf den internationalen akademischen Austausch.<\/p>\n<p class=\"text-18 leading-17\">Am Donnerstag, dem 22. Mai, entzog das US-Heimatschutzministerium der Universit\u00e4t Harvard die Zertifizierung im sogenannten Student and Exchange Visitor Program. In der Folge durfte die Universit\u00e4t keine internationalen Studierenden mehr aufnehmen.<\/p>\n<p class=\"text-18 leading-17\">Bereits einen Tag sp\u00e4ter reichte Harvard Klage ein. Das zust\u00e4ndige Gericht setzte die Ma\u00dfnahme vorerst aus. Die Begr\u00fcndung: Die Entscheidung verursache einen &#8222;unmittelbaren und irreparablen Schaden&#8220; f\u00fcr die Hochschule.<\/p>\n<p class=\"text-18 leading-17\">Die Universit\u00e4ten in M\u00fcnchen zeigen sich unterdessen besorgt \u00fcber die Auswirkungen auf die wissenschaftliche Zusammenarbeit zwischen Deutschland und den USA. &#8222;Wissenschaft und Technologie funktionieren nur mit globalen Netzwerken auf Topniveau&#8220;, hei\u00dft es etwa von Seiten der Technischen Universit\u00e4t M\u00fcnchen (TUM). Zwar unterh\u00e4lt die TUM keine klassische Austauschpartnerschaft mit Harvard, dennoch bestehen einzelne Kooperationen, etwa im Rahmen des &#8222;TUM Practical Research Experience Programs&#8220;. \u00dcber dieses Programm kommen regelm\u00e4\u00dfig Studierende aus den USA nach M\u00fcnchen \u2013 auch von Harvard.<\/p>\n<p class=\"text-18 leading-17\">R\u00fccktritte oder Projektabbr\u00fcche habe es bislang nicht gegeben, best\u00e4tigt ein Sprecher der Universit\u00e4t auf Anfrage von t-online. Auch unter den Studierenden sei bisher keine Tendenz zu Absagen oder R\u00fcckreisen erkennbar \u2013 weder von US-amerikanischen Studierenden in M\u00fcnchen noch von M\u00fcnchner Studierenden in den USA. Da es kein offizielles Austauschabkommen mit Harvard gibt, k\u00f6nne man jedoch auch nicht alle Entwicklungen direkt nachvollziehen. Die laufenden Gerichtsverfahren beobachte man jedenfalls &#8222;sehr genau&#8220;, so die Universit\u00e4t.<\/p>\n<p class=\"text-18 leading-17\">Die TUM beobachtet die Entwicklung in den USA insgesamt &#8222;mit einer gewissen Sorge&#8220;. Politische Entscheidungen k\u00f6nnten k\u00fcnftig durchaus Auswirkungen auf gemeinsame Forschungsvorhaben haben, so die Universit\u00e4t. Projekte in der Wissenschaft seien in der Regel langfristig geplant und reagierten nicht unmittelbar auf politische Signale, erkl\u00e4rt die Hochschule weiter.<\/p>\n<p class=\"text-18 leading-17\">Insgesamt betont die TUM, man wolle bestehende Br\u00fccken in die USA nicht abrei\u00dfen lassen, sondern den wissenschaftlichen Dialog weiter ausbauen.<\/p>\n<p class=\"text-18 leading-17\">Eine Sprecherin der LMU M\u00fcnchen erkl\u00e4rte gegen\u00fcber t-online, man beobachte die Situation genau. Ebenso wie die TUM, unterh\u00e4lt auch die LMU kein direktes Austauschprogramm mit Harvard. Deshalb gebe es auch in diesem Fall weder <br \/>LMU-Studierende in Harvard noch umgekehrt amerikanische Harvard-Studenten in M\u00fcnchen.<\/p>\n<p class=\"text-18 leading-17\">Bei der Nachfrage nach Auslandsaufenthalten in den USA habe man noch keine R\u00fcckg\u00e4nge festgestellt. Weil die Anmeldefrist daf\u00fcr aber erst im Herbst liegt, k\u00f6nnte man die Auswirkungen wohl ohnehin erst dann beobachten.<\/p>\n","protected":false},"excerpt":{"rendered":"Die Trump-Regierung streicht der Elite-Uni Harvard derzeit F\u00f6rdergelder in Milliardenh\u00f6he. Auch M\u00fcnchner Universit\u00e4ten beobachten das zunehmend mit Sorge.&hellip;\n","protected":false},"author":2,"featured_media":151391,"comment_status":"","ping_status":"","sticky":false,"template":"","format":"standard","meta":{"footnotes":""},"categories":[3977],"tags":[331,332,106,17423,13,2766,20295,1268,14,15,12,17333,226,28447,4017,4018,5162,4016,64,4019,4020],"class_list":{"0":"post-151390","1":"post","2":"type-post","3":"status-publish","4":"format-standard","5":"has-post-thumbnail","7":"category-usa","8":"tag-aktuelle-nachrichten","9":"tag-aktuelle-news","10":"tag-donald-trump","11":"tag-harvard","12":"tag-headlines","13":"tag-hochschule","14":"tag-lmu","15":"tag-muenchen","16":"tag-nachrichten","17":"tag-news","18":"tag-schlagzeilen","19":"tag-student","20":"tag-t-online","21":"tag-technische-universitaet-muenchen","22":"tag-united-states","23":"tag-united-states-of-america","24":"tag-universitaet","25":"tag-us","26":"tag-usa","27":"tag-vereinigte-staaten","28":"tag-vereinigte-staaten-von-amerika"},"share_on_mastodon":{"url":"https:\/\/pubeurope.com\/@de\/114596575366282225","error":""},"_links":{"self":[{"href":"https:\/\/www.europesays.com\/de\/wp-json\/wp\/v2\/posts\/151390","targetHints":{"allow":["GET"]}}],"collection":[{"href":"https:\/\/www.europesays.com\/de\/wp-json\/wp\/v2\/posts"}],"about":[{"href":"https:\/\/www.europesays.com\/de\/wp-json\/wp\/v2\/types\/post"}],"author":[{"embeddable":true,"href":"https:\/\/www.europesays.com\/de\/wp-json\/wp\/v2\/users\/2"}],"replies":[{"embeddable":true,"href":"https:\/\/www.europesays.com\/de\/wp-json\/wp\/v2\/comments?post=151390"}],"version-history":[{"count":0,"href":"https:\/\/www.europesays.com\/de\/wp-json\/wp\/v2\/posts\/151390\/revisions"}],"wp:featuredmedia":[{"embeddable":true,"href":"https:\/\/www.europesays.com\/de\/wp-json\/wp\/v2\/media\/151391"}],"wp:attachment":[{"href":"https:\/\/www.europesays.com\/de\/wp-json\/wp\/v2\/media?parent=151390"}],"wp:term":[{"taxonomy":"category","embeddable":true,"href":"https:\/\/www.europesays.com\/de\/wp-json\/wp\/v2\/categories?post=151390"},{"taxonomy":"post_tag","embeddable":true,"href":"https:\/\/www.europesays.com\/de\/wp-json\/wp\/v2\/tags?post=151390"}],"curies":[{"name":"wp","href":"https:\/\/api.w.org\/{rel}","templated":true}]}}