{"id":151396,"date":"2025-05-30T11:37:13","date_gmt":"2025-05-30T11:37:13","guid":{"rendered":"https:\/\/www.europesays.com\/de\/151396\/"},"modified":"2025-05-30T11:37:13","modified_gmt":"2025-05-30T11:37:13","slug":"premiere-der-gitex-europe-in-berlin","status":"publish","type":"post","link":"https:\/\/www.europesays.com\/de\/151396\/","title":{"rendered":"Premiere der GITEX Europe in Berlin"},"content":{"rendered":"<p>            <a href=\"https:\/\/www.vc-magazin.de\/wp-content\/uploads\/2025\/05\/1747835862818.jpg\" data-caption=\"GITEX Europe 2025\" rel=\"nofollow noopener\" target=\"_blank\"><img loading=\"lazy\" decoding=\"async\" width=\"696\" height=\"522\" class=\"entry-thumb td-modal-image\" src=\"https:\/\/www.europesays.com\/de\/wp-content\/uploads\/2025\/05\/1747835862818-696x522.jpg\"   alt=\"GITEX Europe 2025\" title=\"GITEX Europe 2025\"\/><\/a>GITEX Europe 2025<\/p>\n<p class=\"image-credits\">Bildnachweis: <a href=\"https:\/\/www.vc-magazin.de\/\" target=\"_blank\" rel=\"nofollow noopener\">VC Magazin<\/a>, <a href=\"https:\/\/www.gitex-europe.com\/\" target=\"_blank\" rel=\"nofollow noopener\">GITEX Europe<\/a>.<\/p>\n<p><strong>Vom 21. bis zum 23. Mai 2025 feierte die <a href=\"https:\/\/www.gitex-europe.com\/\" rel=\"nofollow noopener\" target=\"_blank\">GITEX Europe 2025<\/a> in der Messe Berlin Premiere! Mehr als 1.400 Aussteller und 600 Investoren versammeln sich zu einer Messe rund um Spitzentechnologien, Dialog und Digitalisierung!<\/strong><\/p>\n<p>Hochrangige Vertreter aus Regierung und Wirtschaft aus Europa, Deutschland und den Vereinigten Arabischen Emiraten er\u00f6ffneten die Gro\u00dfveranstaltung am 21. Mai 2025. Zu den Er\u00f6ffnungsrednern geh\u00f6rten Berlins Regierender B\u00fcrgermeister Kai Wegner, Ihre Exzellenz Alia Al Mazrouei (Ministerin f\u00fcr Unternehmertum der VAE), Clara Chappaz (Frankreichs Ministerin f\u00fcr KI und Digitalisierung), Thomas Jarzombek (Parlamentarischer Staatssekret\u00e4r beim Bundesminister f\u00fcr Digitales und Verwaltungsmodernisierung), Jan Kaval\u00edrek (tschechischer Vizeminister f\u00fcr Industrie und Handel), Franziska Giffey (Berliner Wirtschaftssenatorin), sowie Trixie LohMirmand (Executive Vice President des Dubai World Trade Centre, Veranstalter der GITEX). Zudem vor Ort: Nobelpreistr\u00e4ger und KI-Pionier Geoffrey Hinton, der das Global Leaders Programme mit einem Vortrag \u00fcber \u201eAI f\u00fcr die gr\u00f6\u00dften Herausforderungen der Menschheit\u201c er\u00f6ffnete.<\/p>\n<p>Auf dem Messegel\u00e4nde pr\u00e4sentierten Branchenriesen wie IBM, AWS, Cisco, CrowdStrike, Dell, SAP, Lenovo und NVIDIA neueste Technologien zur Skalierung von KI, Transformation von Unternehmen und Aufbau sicherer digitaler Infrastrukturen.<\/p>\n<p><a href=\"https:\/\/emagazin.vc-magazin.de\/de\/profiles\/98d522283e29\/editions\/8e603c24bb32d6f7253f\" rel=\"nofollow noopener\" target=\"_blank\"><img fetchpriority=\"high\" decoding=\"async\" class=\"size-medium wp-image-77818\" src=\"https:\/\/www.europesays.com\/de\/wp-content\/uploads\/2025\/05\/Screenshot-2025-05-13-100322-300x171.png\" alt=\"Jetzt online verf\u00fcgbar: Sonderausgabe &quot;Standorte, Regionen &amp; Technologien 2025&quot;\" width=\"300\" height=\"171\"  \/><\/a>Jetzt online verf\u00fcgbar: Sonderausgabe \u201eStandorte, Regionen &amp; Technologien 2025\u201c<\/p>\n<p>Im Start-up-Bereich sorgte North Star Europe f\u00fcr Furore \u2013 mit dem gr\u00f6\u00dften Aufgebot europ\u00e4ischer Scale-ups unter der Leitung des European Innovation Council. Zu den Highlights geh\u00f6rten <a href=\"https:\/\/www.vc-magazin.de\/blog\/2024\/12\/13\/eine-neue-chiptechnologie-made-in-aachen\/\" rel=\"nofollow noopener\" target=\"_blank\">Black Semiconductor<\/a>, Transmetrics AI mit einer L\u00f6sung f\u00fcr Europas Logistiknetz und PowerUp Fuel Cells mit intelligenten Wasserstoffl\u00f6sungen f\u00fcr Mobilit\u00e4t und Mikronetze.<\/p>\n<p><strong>Eindr\u00fccke von der gesamten Veranstaltung finden Sie in der Fotogalerie:<\/strong><\/p>\n<p>\u00a0<\/p>\n<p><img loading=\"lazy\" decoding=\"async\" class=\"size-medium wp-image-78060\" src=\"https:\/\/www.europesays.com\/de\/wp-content\/uploads\/2025\/05\/1748602998896-300x225.jpg\" alt=\"ITA Stand auf der GITEX Europe 2025\" width=\"300\" height=\"225\"  \/>ITA Stand auf der GITEX Europe 2025<\/p>\n<p>Die GITEX Europe verzeichnete eine Rekordbeteiligung aus 35 europ\u00e4ischen L\u00e4ndern sowie internationale Pavillons aus Italien, Marokko, den Niederlanden, Polen, S\u00fcdkorea, Gro\u00dfbritannien, den VAE und mehr. Besonders im Fokus: der Dubai-Pavillon von Digital Dubai mit Beitr\u00e4gen von Dubai Police, Dubai Electronic Security Center, Department of Economy and Tourism, Dubai Future Foundation, Mohammed Bin Rashid Space Centre, u.v.m.<\/p>\n<p>\u00a0<\/p>\n<p><strong>Zwei Ank\u00fcndigungen auf der GITEX Europe:<\/strong><\/p>\n<ul>\n<li>Die erste Ausgabe von GITEX Central Asia &amp; Caucasus x AI Everything Kazakhstan, veranstaltet vom Ministerium f\u00fcr digitale Entwicklung, Innovation und Luft- und Raumfahrtindustrie der Republik Kasachstan in Partnerschaft mit dem Astana Hub, findet vom 2. bis 4. Juni 2026 in Astana statt!<\/li>\n<li>Die GITEX expandiert nach Ostafrika \u2013 und das mit einem klaren Ziel: Nairobi wird vom 19.\u201321. Mai 2026 zur B\u00fchne f\u00fcr Ai Everything Kenya x GITEX Kenya, dem gr\u00f6\u00dften KI- und Innovations-Event der Region! Mit dabei: globale Player, politische Entscheider, afrikanische Tech-Talente und eine Wirtschaft mit ehrgeizigen Zielen.<\/li>\n<\/ul>\n<p>Wir haben uns gefreut, die erste GITEX Europe als offizieller Medienpartner zu begleiten!<\/p>\n<p><strong><a href=\"https:\/\/www.gitex-europe.com\/\" rel=\"nofollow noopener\" target=\"_blank\">Save the Date: Die n\u00e4chste GITEX Europe findet vom 24.-25. Juni 2026 erneut in Berlin statt!<\/a><\/strong><\/p>\n","protected":false},"excerpt":{"rendered":"GITEX Europe 2025 Bildnachweis: VC Magazin, GITEX Europe. Vom 21. bis zum 23. Mai 2025 feierte die GITEX&hellip;\n","protected":false},"author":2,"featured_media":151397,"comment_status":"","ping_status":"","sticky":false,"template":"","format":"standard","meta":{"footnotes":""},"categories":[3933],"tags":[331,332,296,29,10250,548,663,158,3934,3935,4115,11051,13,1376,14,15,12,36354],"class_list":{"0":"post-151396","1":"post","2":"type-post","3":"status-publish","4":"format-standard","5":"has-post-thumbnail","7":"category-eu","8":"tag-aktuelle-nachrichten","9":"tag-aktuelle-news","10":"tag-berlin","11":"tag-deutschland","12":"tag-dubai","13":"tag-eu","14":"tag-europa","15":"tag-europaeische-union","16":"tag-europe","17":"tag-european-union","18":"tag-event","19":"tag-gitex-europe","20":"tag-headlines","21":"tag-investoren","22":"tag-nachrichten","23":"tag-news","24":"tag-schlagzeilen","25":"tag-start-ups"},"share_on_mastodon":{"url":"https:\/\/pubeurope.com\/@de\/114596586842062757","error":""},"_links":{"self":[{"href":"https:\/\/www.europesays.com\/de\/wp-json\/wp\/v2\/posts\/151396","targetHints":{"allow":["GET"]}}],"collection":[{"href":"https:\/\/www.europesays.com\/de\/wp-json\/wp\/v2\/posts"}],"about":[{"href":"https:\/\/www.europesays.com\/de\/wp-json\/wp\/v2\/types\/post"}],"author":[{"embeddable":true,"href":"https:\/\/www.europesays.com\/de\/wp-json\/wp\/v2\/users\/2"}],"replies":[{"embeddable":true,"href":"https:\/\/www.europesays.com\/de\/wp-json\/wp\/v2\/comments?post=151396"}],"version-history":[{"count":0,"href":"https:\/\/www.europesays.com\/de\/wp-json\/wp\/v2\/posts\/151396\/revisions"}],"wp:featuredmedia":[{"embeddable":true,"href":"https:\/\/www.europesays.com\/de\/wp-json\/wp\/v2\/media\/151397"}],"wp:attachment":[{"href":"https:\/\/www.europesays.com\/de\/wp-json\/wp\/v2\/media?parent=151396"}],"wp:term":[{"taxonomy":"category","embeddable":true,"href":"https:\/\/www.europesays.com\/de\/wp-json\/wp\/v2\/categories?post=151396"},{"taxonomy":"post_tag","embeddable":true,"href":"https:\/\/www.europesays.com\/de\/wp-json\/wp\/v2\/tags?post=151396"}],"curies":[{"name":"wp","href":"https:\/\/api.w.org\/{rel}","templated":true}]}}