{"id":151398,"date":"2025-05-30T11:38:15","date_gmt":"2025-05-30T11:38:15","guid":{"rendered":"https:\/\/www.europesays.com\/de\/151398\/"},"modified":"2025-05-30T11:38:15","modified_gmt":"2025-05-30T11:38:15","slug":"nicht-eingeladen-europa-union-kritisiert-stadt-wiesbaden-2","status":"publish","type":"post","link":"https:\/\/www.europesays.com\/de\/151398\/","title":{"rendered":"Nicht Eingeladen: Europa-Union kritisiert Stadt Wiesbaden"},"content":{"rendered":"<p class=\"paragraph --regular --color\" data-v-a4a747d8=\"\" data-v-0c32301e=\"\">Wiesbaden. Hunderte Sch\u00fcler aus ganz Deutschland werden in diesen Tagen f\u00fcr ihre Ideen f\u00fcr ein friedliches Europa ausgezeichnet. Auch im Wiesbadener Rathaus werden an diesem Montag, 2. Juni, wieder Preise des 72. Europ\u00e4ischen Wettbewerbs, vergeben. Vergeben werden die Preise traditionell sowohl vom Wiesbadener Oberb\u00fcrgermeister, als auch dem Vorsitzenden der Europa-Union Wiesbaden-Rheingau-Taunus Peter Niederelz, dessen Organisation den Wettbewerb seit Jahren unterst\u00fctzt. Doch in diesem Jahr sei Niederelz nicht zu der Verleihung eingeladen, berichtet er. Den Unmut dar\u00fcber macht er in einem offenen Brief an Oberb\u00fcrgermeister Gert-Uwe Mende (SPD) deutlich.<\/p>\n","protected":false},"excerpt":{"rendered":"Wiesbaden. Hunderte Sch\u00fcler aus ganz Deutschland werden in diesen Tagen f\u00fcr ihre Ideen f\u00fcr ein friedliches Europa ausgezeichnet.&hellip;\n","protected":false},"author":2,"featured_media":151363,"comment_status":"","ping_status":"","sticky":false,"template":"","format":"standard","meta":{"footnotes":""},"categories":[3933],"tags":[331,332,5650,5651,5652,5654,5655,548,663,158,3934,3935,5660,13,5656,5653,5657,1427,14,15,5659,5658,5661,12,4544,5662],"class_list":{"0":"post-151398","1":"post","2":"type-post","3":"status-publish","4":"format-standard","5":"has-post-thumbnail","7":"category-eu","8":"tag-aktuelle-nachrichten","9":"tag-aktuelle-news","10":"tag-alzey","11":"tag-bad-kreuznach","12":"tag-bad-sobernheim","13":"tag-bingen","14":"tag-buerstadt","15":"tag-eu","16":"tag-europa","17":"tag-europaeische-union","18":"tag-europe","19":"tag-european-union","20":"tag-guntersblum","21":"tag-headlines","22":"tag-ingelheim","23":"tag-kirn","24":"tag-lampertheim","25":"tag-mainz","26":"tag-nachrichten","27":"tag-news","28":"tag-nierstein","29":"tag-oppenheim","30":"tag-ruesselsheim","31":"tag-schlagzeilen","32":"tag-wiesbaden","33":"tag-worms"},"share_on_mastodon":{"url":"https:\/\/pubeurope.com\/@de\/114596590761665487","error":""},"_links":{"self":[{"href":"https:\/\/www.europesays.com\/de\/wp-json\/wp\/v2\/posts\/151398","targetHints":{"allow":["GET"]}}],"collection":[{"href":"https:\/\/www.europesays.com\/de\/wp-json\/wp\/v2\/posts"}],"about":[{"href":"https:\/\/www.europesays.com\/de\/wp-json\/wp\/v2\/types\/post"}],"author":[{"embeddable":true,"href":"https:\/\/www.europesays.com\/de\/wp-json\/wp\/v2\/users\/2"}],"replies":[{"embeddable":true,"href":"https:\/\/www.europesays.com\/de\/wp-json\/wp\/v2\/comments?post=151398"}],"version-history":[{"count":0,"href":"https:\/\/www.europesays.com\/de\/wp-json\/wp\/v2\/posts\/151398\/revisions"}],"wp:featuredmedia":[{"embeddable":true,"href":"https:\/\/www.europesays.com\/de\/wp-json\/wp\/v2\/media\/151363"}],"wp:attachment":[{"href":"https:\/\/www.europesays.com\/de\/wp-json\/wp\/v2\/media?parent=151398"}],"wp:term":[{"taxonomy":"category","embeddable":true,"href":"https:\/\/www.europesays.com\/de\/wp-json\/wp\/v2\/categories?post=151398"},{"taxonomy":"post_tag","embeddable":true,"href":"https:\/\/www.europesays.com\/de\/wp-json\/wp\/v2\/tags?post=151398"}],"curies":[{"name":"wp","href":"https:\/\/api.w.org\/{rel}","templated":true}]}}