{"id":151403,"date":"2025-05-30T11:41:12","date_gmt":"2025-05-30T11:41:12","guid":{"rendered":"https:\/\/www.europesays.com\/de\/151403\/"},"modified":"2025-05-30T11:41:12","modified_gmt":"2025-05-30T11:41:12","slug":"hier-sehen-sie-deutschland-gegen-oesterreich-live","status":"publish","type":"post","link":"https:\/\/www.europesays.com\/de\/151403\/","title":{"rendered":"Hier sehen Sie Deutschland gegen \u00d6sterreich live"},"content":{"rendered":"<p>Nations League der Frauen <\/p>\n<p>Hier sehen Sie Deutschland gegen \u00d6sterreich live<\/p>\n<p>30.05.2025 &#8211; 13:31 UhrLesedauer: 2 Min.<\/p>\n<p><a href=\"#focus-0\" class=\"transition-colors duration-200 focus-within:text-magenta block text-current relative\" data-sctrack=\"FocusGalleryImage.Reference\"><img fetchpriority=\"high\" data-testid=\"Opener.Image\" style=\"--lqipURL:url('https:\/\/images.t-online.de\/2025\/05\/b7i3Zlyfkrzq\/561x115:2201x1238\/fit-in\/150x0\/filters:blur(25)\/jule-brand-sie-zaehlt-im-dfb-team-zu-den-leistungstraegerinnen.jpg')\"   loading=\"eager\" src=\"https:\/\/www.europesays.com\/de\/wp-content\/uploads\/2025\/05\/jule-brand-sie-zaehlt-im-dfb-team-zu-den-leistungstraegerinnen.jpg\" alt=\"Jule Brand: Sie z\u00e4hlt im DFB-Team zu den Leistungstr\u00e4gerinnen.\" title=\"Jule Brand: Sie z\u00e4hlt im DFB-Team zu den Leistungstr\u00e4gerinnen.\" width=\"2201\" height=\"1238\" class=\"bg-[url:var(--lqipURL)] bg-cover bg-center flex w-full max-w-full h-full\" decoding=\"async\"\/><img style=\"--width:32;--height:32\" loading=\"lazy\" src=\"https:\/\/www.europesays.com\/de\/wp-content\/uploads\/2025\/05\/zoom-in.f7dae02f.svg.svg+xml\" alt=\"Vergr\u00f6\u00dfern des Bildes\" title=\"Vergr\u00f6\u00dfern des Bildes\" class=\"&#10;        block&#10;        h-[calc(var(--height)_\/_16_*_1rem)]&#10;        w-[calc(var(--width)_\/_16_*_1rem)]&#10;        max-w-none&#10;        absolute bottom-8 right-8 rounded-4 bg-snow p-8\" decoding=\"async\"\/><\/a><\/p>\n<p>Jule Brand: Sie z\u00e4hlt im DFB-Team zu den Leistungstr\u00e4gerinnen. (Quelle: IMAGO\/Marco Steinbrenner\/DeFodi Images)<\/p>\n<p class=\"font-bold text-18 leading-17\">In \u00d6sterreich bestreitet Deutschland das letzte Spiel vor der Europameisterschaft. t-online verr\u00e4t Ihnen, wo Sie das Duell verfolgen k\u00f6nnen.<\/p>\n<p class=\"text-18 leading-17\">Beendet die deutsche Frauen-Nationalmannschaft die Gruppenphase mit Erfolg? Wie pr\u00e4sentiert sich das Team und wer empfiehlt sich f\u00fcr den finalen Kader der Europameisterschaft? Wenn Deutschland am Dienstag in \u00d6sterreich gastiert, werden mit Abpfiff alle Fragen beantwortet sein. Denn in Wien spielt die Mannschaft von Bundestrainer <a class=\"transition-colors duration-200 cursor-pointer text-inherit no-underline text-salemsfur md:hover:text-magenta md:hover:border-magenta md:focus:text-magenta border-current border-b border-solid break-words\" href=\"https:\/\/www.t-online.de\/themen\/christian-wueck\/\" data-sctrack=\"BodyAnchor\" rel=\"nofollow noopener\" target=\"_blank\">Christian W\u00fcck<\/a> das letzte Duell in der Vorrunde der <a class=\"transition-colors duration-200 cursor-pointer text-inherit no-underline text-salemsfur md:hover:text-magenta md:hover:border-magenta md:focus:text-magenta border-current border-b border-solid break-words\" href=\"https:\/\/www.t-online.de\/sport\/fussball\/nations-league\/\" data-sctrack=\"BodyAnchor\" rel=\"nofollow noopener\" target=\"_blank\">Nations League<\/a>.<\/p>\n<p class=\"text-18 leading-17\">Die Partie bedeutet zeitgleich die letzte Chance, um mit viel Selbstbewusstsein zur EM in der Schweiz (2. bis 27. Juli) zu fahren. Bis zum Turnierstart werden keine Testspiele mehr stattfinden. Im Hinspiel gerieten die DFB-Frauen gegen \u00d6sterreich nach nur drei Minuten in R\u00fcckstand. Nach 90 Minuten gewann Deutschland souver\u00e4n mit 4:1. t-online verr\u00e4t Ihnen, wo Sie nun das R\u00fcckspiel verfolgen k\u00f6nnen.<\/p>\n<p class=\"text-18 leading-17\">Die ARD \u00fcbertr\u00e4gt die Partie zwischen Deutschland und \u00d6sterreich live. Die \u00dcbertragung beginnt bereits um 20:15 Uhr, Anpfiff in der Wiener Generali Arena ist um 20.30 Uhr. Christina Graf f\u00fchrt als Kommentatorin durch den Abend und wird von Expertin Almuth Schult unterst\u00fctzt. Zus\u00e4tzlich steht ein Livestream in der ARD-Mediathek zur Verf\u00fcgung.<\/p>\n<p class=\"text-18 leading-17\">Ja, t-online bietet einen Liveticker zu allen deutschen Spielen der Nations League an. Diesen und alle relevanten News finden Sie am Spieltag auf der Seite.<\/p>\n<p class=\"text-18 leading-17\">Nach der Nations League beginnt die Vorbereitung auf die EM in der Schweiz. Deutschland startet in Gruppe C am 4. Juli gegen Turnier-Neuling Polen. Danach folgen die Duelle gegen D\u00e4nemark (8. Juli) und Schweden (12. Juli).<\/p>\n","protected":false},"excerpt":{"rendered":"Nations League der Frauen Hier sehen Sie Deutschland gegen \u00d6sterreich live 30.05.2025 &#8211; 13:31 UhrLesedauer: 2 Min. Jule&hellip;\n","protected":false},"author":2,"featured_media":151404,"comment_status":"","ping_status":"","sticky":false,"template":"","format":"standard","meta":{"footnotes":""},"categories":[2],"tags":[454,331,3924,332,3922,223,12012,3364,29,481,5974,52595,30,13,53818,14,3923,15,3921,1433,12,6296],"class_list":{"0":"post-151403","1":"post","2":"type-post","3":"status-publish","4":"format-standard","5":"has-post-thumbnail","7":"category-deutschland","8":"tag-454","9":"tag-aktuelle-nachrichten","10":"tag-aktuelle-nachrichten-aus-deutschland","11":"tag-aktuelle-news","12":"tag-aktuelle-news-aus-deutschland","13":"tag-ard","14":"tag-christian-wueck","15":"tag-de","16":"tag-deutschland","17":"tag-dfb","18":"tag-dfb-team","19":"tag-fussball-europameisterschaft","20":"tag-germany","21":"tag-headlines","22":"tag-jule-brand","23":"tag-nachrichten","24":"tag-nachrichten-aus-deutschland","25":"tag-news","26":"tag-news-aus-deutschland","27":"tag-oesterreich","28":"tag-schlagzeilen","29":"tag-wien"},"share_on_mastodon":{"url":"https:\/\/pubeurope.com\/@de\/114596602610202331","error":""},"_links":{"self":[{"href":"https:\/\/www.europesays.com\/de\/wp-json\/wp\/v2\/posts\/151403","targetHints":{"allow":["GET"]}}],"collection":[{"href":"https:\/\/www.europesays.com\/de\/wp-json\/wp\/v2\/posts"}],"about":[{"href":"https:\/\/www.europesays.com\/de\/wp-json\/wp\/v2\/types\/post"}],"author":[{"embeddable":true,"href":"https:\/\/www.europesays.com\/de\/wp-json\/wp\/v2\/users\/2"}],"replies":[{"embeddable":true,"href":"https:\/\/www.europesays.com\/de\/wp-json\/wp\/v2\/comments?post=151403"}],"version-history":[{"count":0,"href":"https:\/\/www.europesays.com\/de\/wp-json\/wp\/v2\/posts\/151403\/revisions"}],"wp:featuredmedia":[{"embeddable":true,"href":"https:\/\/www.europesays.com\/de\/wp-json\/wp\/v2\/media\/151404"}],"wp:attachment":[{"href":"https:\/\/www.europesays.com\/de\/wp-json\/wp\/v2\/media?parent=151403"}],"wp:term":[{"taxonomy":"category","embeddable":true,"href":"https:\/\/www.europesays.com\/de\/wp-json\/wp\/v2\/categories?post=151403"},{"taxonomy":"post_tag","embeddable":true,"href":"https:\/\/www.europesays.com\/de\/wp-json\/wp\/v2\/tags?post=151403"}],"curies":[{"name":"wp","href":"https:\/\/api.w.org\/{rel}","templated":true}]}}