{"id":151418,"date":"2025-05-30T11:49:13","date_gmt":"2025-05-30T11:49:13","guid":{"rendered":"https:\/\/www.europesays.com\/de\/151418\/"},"modified":"2025-05-30T11:49:13","modified_gmt":"2025-05-30T11:49:13","slug":"25-jahrestag-der-expo-30-000-besucher-in-hannover-erwartet-ndr-de-nachrichten-niedersachsen","status":"publish","type":"post","link":"https:\/\/www.europesays.com\/de\/151418\/","title":{"rendered":"25. Jahrestag der Expo: 30.000 Besucher in Hannover erwartet | NDR.de &#8211; Nachrichten &#8211; Niedersachsen"},"content":{"rendered":"<p>\nStand: 30.05.2025 12:27 Uhr\n<\/p>\n<p class=\"preface\">Mit Konzerten, Vortr\u00e4gen und F\u00fchrungen wird in Hannover an die Expo 2000 erinnert. Damals haben 18 Millionen Menschen die Weltausstellung besucht. Am Wochenende erwartet der Veranstalter 30.000 Besucher.<\/p>\n<p>Am 31. Mai und 1. Juni \u00f6ffnen unter dem Motto #Expo2000Revisited zahlreiche Pavillons im Expo Park ihre T\u00fcren, wie die Landeshauptstadt Hannover mitteilte. Der Eintritt zu den Veranstaltungsorten und Konzerten ist demnach frei. Auch \u00fcber das Wochenende hinaus laden laut Stadt weitere Events dazu ein, das Jubil\u00e4um zu feiern. Mit der <a href=\"https:\/\/www.ndr.de\/geschichte\/schauplaetze\/Globaler-Glanz-im-Jahr-2000-Expo-in-Hannover,expo596.html\" title=\"Zur Bildgalerie: Globaler Glanz im Jahr 2000: Expo in Hannover\" target=\"_blank\" rel=\"noopener\">Expo 2000<\/a> fand vor 25 Jahren unter dem Leitthema &#8222;Mensch, Natur, Technik&#8220; in Hannover die erste Weltausstellung in Deutschland statt.<\/p>\n<p>Vortr\u00e4ge, F\u00fchrungen und Ausstellungen<\/p>\n<p>Am Wochenende kann im holl\u00e4ndischen Pavillon eine Ausstellung und in der Finbox ein Vortrag zum Thema Architektur besucht werden. Der d\u00e4nische Pavillon bietet zudem Vortr\u00e4ge zum Thema Energie sowie F\u00fchrungen an. Die Leibniz Fachhochschule informiert \u00fcber Forschungsprojekte und das Exposeeum veranstaltet Baustellenf\u00fchrungen durch die neuen Museumsr\u00e4ume. Von dort aus starten au\u00dferdem st\u00fcndliche Themenf\u00fchrungen \u00fcber das Gel\u00e4nde. Am Sonntag wird ein dreist\u00fcndiger Rundgang durch die G\u00e4rten im Wandel angeboten.<\/p>\n<p>Weitere Informationen<\/p>\n<p><img decoding=\"async\" src=\"https:\/\/www.europesays.com\/de\/wp-content\/uploads\/2025\/05\/twipsyhead100_v-contentgross.jpg\" alt=\"Thomas Borcholte vom Expo-Museum h\u00e4lt das Maskottchen &quot;Twipsy&quot; im Arm. \u00a9 NDR Foto: Niels Kristoph\" title=\"Thomas Borcholte vom Expo-Museum h\u00e4lt das Maskottchen &quot;Twipsy&quot; im Arm.\" class=\"responsive\"\/><\/p>\n<p>\nDas Exposeeum war seit 2019 geschlossen. Zum 25. Jubil\u00e4um der Expo 2000 in Hannover wird es am Wochenende wiederer\u00f6ffnet.<br \/>\n<a title=\"Zum Artikel: Seife, Eier und &quot;Twipsy&quot;: Skurrile Sch\u00e4tze im Expo-Museum\" href=\"https:\/\/www.ndr.de\/nachrichten\/niedersachsen\/hannover_weser-leinegebiet\/Seife-Eier-und-Twipsy-Skurrile-Schaetze-im-Expo-Museum,expo638.html\" class=\"cta \" target=\"_blank\" rel=\"noopener\">mehr<\/a>\n<\/p>\n<p>Live-Musik, T\u00e4nze und Lesung<\/p>\n<p>In den Peppermint Park Studios, die von K\u00fcnstlerinnen und K\u00fcnstlern f\u00fcr Produktionen gebucht werden, k\u00f6nnen am Samstag ab 15 Uhr Konzerte besucht werden, am Sonntag l\u00e4dt Autorin Malin Thunberg-Schunke zu einer Lesung ein. Auch an anderen Orten l\u00e4uft Musik &#8211; unter anderem samt Tanzeinlage unterschiedlicher hannoverscher Vereine in den G\u00e4rten im Wandel. Das DRK ist mit seiner Rettungshundestaffel und Sonderfahrzeugen vor Ort und baut f\u00fcr die kleinen G\u00e4ste eine H\u00fcpfburg und eine Bastelecke auf. Au\u00dferdem laden verschiedene Foodtrucks zum Essen ein. Eine ausf\u00fchrliche Programm\u00fcbersicht gibt es auf der <a href=\"https:\/\/www.ndr.de\/nachrichten\/niedersachsen\/hannover_weser-leinegebiet\/textlink106530-splash.html\" title=\"Link: Das Programm zum Jubil\u00e4umswochenende der Expo 2000\" rel=\"noopener\" class=\"showSplashPage\" target=\"_blank\">Internetseite des Expo Parks<\/a>.<\/p>\n<p>Ausbau der Infrastruktur tr\u00e4gt bis heute<\/p>\n<p>Das Eventwochenende wird laut Stadt am Samstag um 14 Uhr offiziell er\u00f6ffnet. Mit dabei sind unter anderem Sigmar Gabriel (Ministerpr\u00e4sident a. D.), Musikproduzent und Hausherr des Peppermint Pavillons Mousse T. und Herbert Schmalstieg (Oberb\u00fcrgermeister a. D.). Bis heute profitiert die Stadt nach eigenen Angaben von der Messe vor 25 Jahren. Unter anderem sei die Infrastruktur samt S-Bahn, Autobahn und Flughafen damals mit Milliarden Euro ausgebaut worden.<\/p>\n<p>Weitere Informationen<\/p>\n<p><img decoding=\"async\" src=\"https:\/\/www.europesays.com\/de\/wp-content\/uploads\/2025\/05\/pavillon546_v-contentgross.jpg\" alt=\"Der alte Holl\u00e4ndische Pavillon der Expo in Hannover wird zu einem Wohnhaus umgebaut. \u00a9 NDR Foto: Niels Kristoph\" title=\"Der alte Holl\u00e4ndische Pavillon der Expo in Hannover wird zu einem Wohnhaus umgebaut.\" class=\"responsive\"\/><\/p>\n<p>\nDer holl\u00e4ndische Pavillon in Hannover galt lange als Mahnmal f\u00fcr gescheiterte Nachnutzung. Jetzt zieht neues Leben ein.<br \/>\n<a title=\"Zum Artikel: Zwischen Verfall und Vision: Neues Leben auf dem Expo-Gel\u00e4nde\" href=\"https:\/\/www.ndr.de\/nachrichten\/niedersachsen\/hannover_weser-leinegebiet\/Zwischen-Verfall-und-Vision-Neues-Leben-auf-dem-Expo-Gelaende,expo640.html\" class=\"cta \" target=\"_blank\" rel=\"noopener\">mehr<\/a>\n<\/p>\n<p><img decoding=\"async\" src=\"https:\/\/www.europesays.com\/de\/wp-content\/uploads\/2025\/05\/expobahn101_v-contentgross.jpg\" alt=\"Seilbahn \u00fcber dem Expo-Gel\u00e4nde in Hannover. Die Kabinen schweben inzwischen in den Kitzb\u00fcheler Alpen und bei der Belchen-Seilbahn im Schwarzwald. \u00a9 picture-alliance \/ Berliner Kurier Foto: Uhlemann Thomas\" title=\"Seilbahn \u00fcber dem Expo-Gel\u00e4nde in Hannover. Die Kabinen schweben inzwischen in den Kitzb\u00fcheler Alpen und bei der Belchen-Seilbahn im Schwarzwald.\" class=\"responsive\"\/><\/p>\n<p>\nNiedersachsens Landeshauptstadt erlebte ab dem 1. Juni 2000 die erste offizielle Weltausstellung in Deutschland. 18 Millionen Besucher waren dabei.<br \/>\n<a title=\"Zum Artikel: Expo 2000 in Hannover: Viel Kritik, aber auch viel Nachhaltigkeit\" href=\"https:\/\/www.ndr.de\/geschichte\/schauplaetze\/Expo-2000-in-Hannover-Viel-Kritik-aber-auch-viel-Nachhaltigkeit,expo634.html\" class=\"cta \" target=\"_blank\" rel=\"noopener\">mehr<\/a>\n<\/p>\n<p>Schlagw\u00f6rter zu diesem Artikel<br \/>\n<a href=\"https:\/\/www.ndr.de\/nachrichten\/niedersachsen\/hannover_weser-leinegebiet\/Hannover-Aktuelle-News-und-Nachrichten,hannover18518.html\" title=\"Inhalte zum Thema &#039;Hannover&#039;\" aria-label=\"Inhalte zum Thema &#039;Hannover&#039;\" target=\"_blank\" rel=\"noopener\">Hannover<\/a><\/p>\n<p><img decoding=\"async\" src=\"https:\/\/www.europesays.com\/de\/wp-content\/uploads\/2025\/03\/ndr_printlogo.gif\" alt=\"NDR Logo\" title=\"NDR Logo\"\/><\/p>\n","protected":false},"excerpt":{"rendered":"Stand: 30.05.2025 12:27 Uhr Mit Konzerten, Vortr\u00e4gen und F\u00fchrungen wird in Hannover an die Expo 2000 erinnert. Damals&hellip;\n","protected":false},"author":2,"featured_media":151419,"comment_status":"","ping_status":"","sticky":false,"template":"","format":"standard","meta":{"footnotes":""},"categories":[1836],"tags":[53823,2704,3364,29,53822,40602,30,46,3009,2075,47,53824,1411,53825],"class_list":{"0":"post-151418","1":"post","2":"type-post","3":"status-publish","4":"format-standard","5":"has-post-thumbnail","7":"category-hannover","8":"tag-attraktionen","9":"tag-ausstellungen","10":"tag-de","11":"tag-deutschland","12":"tag-eventwochenende","13":"tag-expo","14":"tag-germany","15":"tag-hannover","16":"tag-jubilaeum","17":"tag-kunst","18":"tag-messe","19":"tag-mousse-t","20":"tag-niedersachsen","21":"tag-peppermint-park"},"share_on_mastodon":{"url":"https:\/\/pubeurope.com\/@de\/114596634071774052","error":""},"_links":{"self":[{"href":"https:\/\/www.europesays.com\/de\/wp-json\/wp\/v2\/posts\/151418","targetHints":{"allow":["GET"]}}],"collection":[{"href":"https:\/\/www.europesays.com\/de\/wp-json\/wp\/v2\/posts"}],"about":[{"href":"https:\/\/www.europesays.com\/de\/wp-json\/wp\/v2\/types\/post"}],"author":[{"embeddable":true,"href":"https:\/\/www.europesays.com\/de\/wp-json\/wp\/v2\/users\/2"}],"replies":[{"embeddable":true,"href":"https:\/\/www.europesays.com\/de\/wp-json\/wp\/v2\/comments?post=151418"}],"version-history":[{"count":0,"href":"https:\/\/www.europesays.com\/de\/wp-json\/wp\/v2\/posts\/151418\/revisions"}],"wp:featuredmedia":[{"embeddable":true,"href":"https:\/\/www.europesays.com\/de\/wp-json\/wp\/v2\/media\/151419"}],"wp:attachment":[{"href":"https:\/\/www.europesays.com\/de\/wp-json\/wp\/v2\/media?parent=151418"}],"wp:term":[{"taxonomy":"category","embeddable":true,"href":"https:\/\/www.europesays.com\/de\/wp-json\/wp\/v2\/categories?post=151418"},{"taxonomy":"post_tag","embeddable":true,"href":"https:\/\/www.europesays.com\/de\/wp-json\/wp\/v2\/tags?post=151418"}],"curies":[{"name":"wp","href":"https:\/\/api.w.org\/{rel}","templated":true}]}}