{"id":151422,"date":"2025-05-30T11:51:15","date_gmt":"2025-05-30T11:51:15","guid":{"rendered":"https:\/\/www.europesays.com\/de\/151422\/"},"modified":"2025-05-30T11:51:15","modified_gmt":"2025-05-30T11:51:15","slug":"dynamo-dresden-unfassbare-enttaeuschung-das-stamm-gestaendnis-sport","status":"publish","type":"post","link":"https:\/\/www.europesays.com\/de\/151422\/","title":{"rendered":"Dynamo Dresden: \u201eUnfassbare Entt\u00e4uschung!\u201c Das Stamm-Gest\u00e4ndnis | Sport"},"content":{"rendered":"<p><b>Er kam, sah und stieg auf: Trainer Thomas Stamm (42) hat mit seinem Wechsel vom SC Freiburg zu Dynamo Dresden alles richtig gemacht. <\/b><\/p>\n<p>Im Gl\u00fccksrausch der Gef\u00fchle gab der Schweizer aber jetzt erstmals zu, dass es in seinem Inneren ein reichliches Jahr zuvor ganz anders aussah: \u201eAls sich im Februar, M\u00e4rz 2024 abzeichnete, in welche Richtung es in Freiburg geht, war da eine unfassbare Entt\u00e4uschung.\u201c <\/p>\n<p>Lesen Sie auch<\/p>\n<p><b>Damit meint Stamm die Entscheidung gegen ihn und f\u00fcr Julian Schuster (40) als Trainer-Nachfolger von SC-Legende Christian Streich (59). \u201eWenn du mit R\u00fcckschl\u00e4gen so umgehst, dass sie dich weiterbringen, habe ich das f\u00fcr mich ganz gut hinbekommen. Und bin mit voller Energie in Dresden rein gestartet\u201c, sagt er heute.<\/b><\/p>\n<p>Die Entt\u00e4uschung ist l\u00e4ngst weg, das gute Verh\u00e4ltnis nach Freiburg geblieben. \u201eIch h\u00e4tte es gern gemacht, Julian auch. Er hat den Zuschlag bekommen und dort gute Arbeit geleistet\u201c, so Stamm. \u201eInsgesamt hat der Verein eine tolle Entwicklung genommen, das freut mich.\u201c<\/p>\n<p><b>Sein Verh\u00e4ltnis zum jetzigen Freiburger Bundesliga-Coach umschreibt er so: \u201eDas ist eine gegenseitige Wertsch\u00e4tzung. Wir sind immer mal wieder im Austausch.\u201c F\u00fcr Stamm eine logische Konsequenz: \u201eDaf\u00fcr war ich zu lange dort, hatte zu sch\u00f6ne Zeiten.\u201c<\/b><\/p>\n<p><img decoding=\"async\" width=\"992\" height=\"1178\" alt=\"2. Liga, wir kommen! Stamm (r.) und Dynamo-Kapit\u00e4n Stefan Kutschke feiern den Aufstieg\" src=\"https:\/\/www.europesays.com\/de\/wp-content\/uploads\/2025\/05\/f8fd10e24a7d0f7a497fd314fea676a3,31fad39f\"   class=\"portrait\" loading=\"lazy\"\/><\/p>\n<p class=\"fig__caption__text\">2. Liga, wir kommen! Stamm (r.) und Dynamo-Kapit\u00e4n Stefan Kutschke feiern den Aufstieg<\/p>\n<p>Foto: Robert Michael\/dpa<\/p>\n<p>Genau wie in seinem ersten Jahr bei <a href=\"https:\/\/www.bild.de\/sport\/fussball\/dynamo-dresden\/startseite-dynamo-46789412.bild.html\" class=\"text-link\" target=\"_blank\" rel=\"noopener\">Dynamo Dresden<\/a>. \u201eIch habe hier viele tolle Menschen kennenlernen d\u00fcrfen, von der Putzfrau \u00fcber die K\u00f6chin bis zum Greenkeeper. Dann kann ich so arbeiten, wie ich arbeiten m\u00f6chte. Das ist ein \u00e4hnlicher Zusammenhalt, wie in Freiburg. Deshalb war ich dort auch neun Jahre.\u201c<\/p>\n<p><b>Die U23 beim SC Freiburg mit eingerechnet, ist mit dem jetzigen Aufstieg nach insgesamt vier Jahren Schluss mit Drittklassigkeit. \u201eIch habe vor der Saison gesagt, dass ich nicht nach Dresden gekommen bin, um noch ein weiteres Jahr in der 3. Liga zu spielen. Ich hatte das Gef\u00fchl, dieser Schritt ist m\u00f6glich. <\/b><a href=\"https:\/\/www.bild.de\/sport\/fussball\/dynamo-dresden-so-hat-man-coach-stamm-noch-nie-erlebt-68206454c956e61cc27b4617\" class=\"text-link\" target=\"_blank\" rel=\"noopener\"><b>Sch\u00f6n, dass es aufgegangen ist<\/b><\/a><b>.\u201c<\/b><\/p>\n<p>Lockt Stamm Freiburg-Spieler nach Dresden?<\/p>\n<p>Entsprechend positiv blickt Stamm in die Zukunft: \u201eIch freue mich auf andere Stadien, anderen Fu\u00dfball.\u201c Damit diese Freude nicht der Ern\u00fcchterung weicht, muss sein Team verst\u00e4rkt werden, das ist auch Stamm klar. <\/p>\n<p><b>Der geb\u00fcrtige Z\u00fcricher will im Verbund mit Sportchef Thomas Brendel und Kaderplaner Paul Wagner daf\u00fcr auch seine Kontakte nutzen \u2013 m\u00f6glicherweise auch nach Freiburg: \u201eKlar kann man sich auch bei Bundesligisten umschauen nach Spielern mit der Art und Weise, wie ich Fu\u00dfball spielen lassen will. Und dabei auch solche Kan\u00e4le nutzen.\u201c<\/b><\/p>\n","protected":false},"excerpt":{"rendered":"Er kam, sah und stieg auf: Trainer Thomas Stamm (42) hat mit seinem Wechsel vom SC Freiburg zu&hellip;\n","protected":false},"author":2,"featured_media":151423,"comment_status":"","ping_status":"","sticky":false,"template":"","format":"standard","meta":{"footnotes":""},"categories":[1835],"tags":[621,995,5876,15047,3364,29,2386,3766,30,859,298,5877,3460,45,5843],"class_list":{"0":"post-151422","1":"post","2":"type-post","3":"status-publish","4":"format-standard","5":"has-post-thumbnail","7":"category-dresden","8":"tag-2-bundesliga","9":"tag-3-liga","10":"tag-aufstieg","11":"tag-bundesliga-bei-bild","12":"tag-de","13":"tag-deutschland","14":"tag-dresden","15":"tag-dynamo-dresden","16":"tag-germany","17":"tag-sachsen","18":"tag-sc-freiburg","19":"tag-sc-freiburg-ii","20":"tag-sport-leuchtturm-leipzig","21":"tag-texttospeech","22":"tag-trainer"},"share_on_mastodon":{"url":"https:\/\/pubeurope.com\/@de\/114596641909042330","error":""},"_links":{"self":[{"href":"https:\/\/www.europesays.com\/de\/wp-json\/wp\/v2\/posts\/151422","targetHints":{"allow":["GET"]}}],"collection":[{"href":"https:\/\/www.europesays.com\/de\/wp-json\/wp\/v2\/posts"}],"about":[{"href":"https:\/\/www.europesays.com\/de\/wp-json\/wp\/v2\/types\/post"}],"author":[{"embeddable":true,"href":"https:\/\/www.europesays.com\/de\/wp-json\/wp\/v2\/users\/2"}],"replies":[{"embeddable":true,"href":"https:\/\/www.europesays.com\/de\/wp-json\/wp\/v2\/comments?post=151422"}],"version-history":[{"count":0,"href":"https:\/\/www.europesays.com\/de\/wp-json\/wp\/v2\/posts\/151422\/revisions"}],"wp:featuredmedia":[{"embeddable":true,"href":"https:\/\/www.europesays.com\/de\/wp-json\/wp\/v2\/media\/151423"}],"wp:attachment":[{"href":"https:\/\/www.europesays.com\/de\/wp-json\/wp\/v2\/media?parent=151422"}],"wp:term":[{"taxonomy":"category","embeddable":true,"href":"https:\/\/www.europesays.com\/de\/wp-json\/wp\/v2\/categories?post=151422"},{"taxonomy":"post_tag","embeddable":true,"href":"https:\/\/www.europesays.com\/de\/wp-json\/wp\/v2\/tags?post=151422"}],"curies":[{"name":"wp","href":"https:\/\/api.w.org\/{rel}","templated":true}]}}