{"id":151426,"date":"2025-05-30T11:53:22","date_gmt":"2025-05-30T11:53:22","guid":{"rendered":"https:\/\/www.europesays.com\/de\/151426\/"},"modified":"2025-05-30T11:53:22","modified_gmt":"2025-05-30T11:53:22","slug":"niedersachsen-bremen-wer-die-feuerwehr-ruft-bekommt-aerger-mit-dem-nachbarn","status":"publish","type":"post","link":"https:\/\/www.europesays.com\/de\/151426\/","title":{"rendered":"Niedersachsen &#038; Bremen: Wer die Feuerwehr ruft, bekommt \u00c4rger mit dem Nachbarn"},"content":{"rendered":"<p>                    Niedersachsen &amp; Bremen<br \/>\n                Wer die Feuerwehr ruft, bekommt \u00c4rger mit dem Nachbarn<\/p>\n<p>\t\t\t\t              30.05.2025, 12:08 Uhr<\/p>\n<p><strong>In einer Wohnung brennt das Essen an, es riecht schon brenzlig auf dem Flur &#8211; ein Nachbar ruft die Feuerwehr. So weit, so normal. Aber was folgt, hat er nicht erwartet.<\/strong><\/p>\n<p>Norden (dpa\/lni) &#8211; In der Innenstadt von Norden ist die Feuerwehr wegen eines Notrufs anger\u00fcckt &#8211; und hat in der betreffenden Wohnung genau wie ein aufmerksamer Nachbar wenig Freude geerntet. In einem Mehrfamilienhaus in der Stadt im Landkreis Aurich sei einem Bewohner das Essen angebrannt, ein Rauchmelder habe einen Nachbarn auf das Malheur aufmerksam gemacht, teilte die Feuerwehr mit. Weil es im Flur schon verbrannt roch, setzte er einen Notruf ab.<\/p>\n<p>Als die Feuerwehr vor dem Haus ankam, war der Nachbar den Angaben zufolge &#8222;in sichtlich aufgebrachter Laune&#8220;. Er habe in der Wohnung, aus der der Brandgeruch gekommen sei, nach dem Rechten sehen wollen, doch als Dank f\u00fcr die nachbarschaftliche Aufmerksamkeit sei ihm die T\u00fcr vor der Nase zugeknallt worden.\u00a0<\/p>\n<p>Auch der Einsatzleiter der Feuerwehr, der sich die Sache ansehen wollte, stie\u00df bei dem Bewohner auf wenig Begeisterung. Er leugnete zun\u00e4chst, dass in seiner Wohnung \u00fcberhaupt etwas passiert sei &#8211; der &#8222;markante Geruch&#8220; und Rauchreste waren allerdings eindeutig, wie es hie\u00df. Schlie\u00dflich lie\u00df er die Feuerwehr herein &#8211; die wegen der angespannten Stimmung allerdings in Begleitung der Polizei kam.<\/p>\n<p>Der Mieter wiederholte laut Feuerwehr mehrfach, dass er den Einsatz f\u00fcr v\u00f6llig unn\u00f6tig halte. &#8222;Auch die Meinung \u00fcber seinen Nachbarn mussten sich die Einsatzkr\u00e4fte mehrfach anh\u00f6ren&#8220;, hie\u00df es in der Mitteilung. Weil keine Gefahr bestand, r\u00fcckte die Feuerwehr ab. Immerhin: Die Einsatzkr\u00e4fte lobten und beruhigten den Nachbarn, der den Brand gemeldet hatte &#8211; er habe alles richtig gemacht.<\/p>\n","protected":false},"excerpt":{"rendered":"Niedersachsen &amp; Bremen Wer die Feuerwehr ruft, bekommt \u00c4rger mit dem Nachbarn 30.05.2025, 12:08 Uhr In einer Wohnung&hellip;\n","protected":false},"author":2,"featured_media":151427,"comment_status":"","ping_status":"","sticky":false,"template":"","format":"standard","meta":{"footnotes":""},"categories":[1824],"tags":[50037,2420,3364,29,985,30,23029,1411,34736],"class_list":{"0":"post-151426","1":"post","2":"type-post","3":"status-publish","4":"format-standard","5":"has-post-thumbnail","7":"category-bremen","8":"tag-aerger","9":"tag-bremen","10":"tag-de","11":"tag-deutschland","12":"tag-feuerwehr","13":"tag-germany","14":"tag-nachbarn","15":"tag-niedersachsen","16":"tag-wer"},"share_on_mastodon":{"url":"https:\/\/pubeurope.com\/@de\/114596649916989930","error":""},"_links":{"self":[{"href":"https:\/\/www.europesays.com\/de\/wp-json\/wp\/v2\/posts\/151426","targetHints":{"allow":["GET"]}}],"collection":[{"href":"https:\/\/www.europesays.com\/de\/wp-json\/wp\/v2\/posts"}],"about":[{"href":"https:\/\/www.europesays.com\/de\/wp-json\/wp\/v2\/types\/post"}],"author":[{"embeddable":true,"href":"https:\/\/www.europesays.com\/de\/wp-json\/wp\/v2\/users\/2"}],"replies":[{"embeddable":true,"href":"https:\/\/www.europesays.com\/de\/wp-json\/wp\/v2\/comments?post=151426"}],"version-history":[{"count":0,"href":"https:\/\/www.europesays.com\/de\/wp-json\/wp\/v2\/posts\/151426\/revisions"}],"wp:featuredmedia":[{"embeddable":true,"href":"https:\/\/www.europesays.com\/de\/wp-json\/wp\/v2\/media\/151427"}],"wp:attachment":[{"href":"https:\/\/www.europesays.com\/de\/wp-json\/wp\/v2\/media?parent=151426"}],"wp:term":[{"taxonomy":"category","embeddable":true,"href":"https:\/\/www.europesays.com\/de\/wp-json\/wp\/v2\/categories?post=151426"},{"taxonomy":"post_tag","embeddable":true,"href":"https:\/\/www.europesays.com\/de\/wp-json\/wp\/v2\/tags?post=151426"}],"curies":[{"name":"wp","href":"https:\/\/api.w.org\/{rel}","templated":true}]}}