{"id":151438,"date":"2025-05-30T11:59:08","date_gmt":"2025-05-30T11:59:08","guid":{"rendered":"https:\/\/www.europesays.com\/de\/151438\/"},"modified":"2025-05-30T11:59:08","modified_gmt":"2025-05-30T11:59:08","slug":"lange-nacht-der-wissenschaften-lockt-mit-spannenden-angeboten","status":"publish","type":"post","link":"https:\/\/www.europesays.com\/de\/151438\/","title":{"rendered":"Lange Nacht der Wissenschaften lockt mit spannenden Angeboten"},"content":{"rendered":"<p>\n  Pressemitteilung &#8211;<br \/>\n  30. Mai 2025 13:52\n<\/p>\n<p>Der Countdown l\u00e4uft: Am Freitag, den 20. Juni 2025, \u00f6ffnen die Leipziger Hochschulen und Forschungseinrichtungen von 16 bis 23 Uhr ihre T\u00fcren f\u00fcr die 9. Lange Nacht der Wissenschaften. Bei freiem Eintritt und ohne Anmeldung k\u00f6nnen gro\u00dfe und kleine Wissenshungrige Orte erleben, die sonst nur der Forschung vorbehalten sind. Erstmals wird in diesem Rahmen der Leipziger Wissenschaftspreis verliehen.<\/p>\n<p>\u201eLeipzig ist ein vielf\u00e4ltiger und leistungsstarker Wissenschaftsstandort. Die Lange Nacht der Wissenschaft macht das f\u00fcr die ganze Stadtgesellschaft erlebbar. Ich lade alle Leipziger sehr herzlich ein, sich auf Entdeckungstour zu begeben. Egal ob Klimawandel, Energiewende oder K\u00fcnstliche Intelligenz \u2013 die Leipziger Wissenschaft bietet spannende Antworten auf die gro\u00dfen Fragen unserer Zeit\u201c, betont Oberb\u00fcrgermeister Burkhard Jung.<\/p>\n<p>An 55 Standorten pr\u00e4sentieren \u00fcber 140 Einrichtungen ihre Angebote und zeigen die Vielfalt der Wissenschaftsstadt Leipzig. Schon jetzt sind fast 500 Veranstaltungen online \u2013 und es werden t\u00e4glich mehr. Die Lange Nacht der Wissenschaften zeichnet sich auch in diesem Jahr durch zahlreiche Angebote zum Mitmachen f\u00fcr Kinder und Jugendliche aus, diese beginnen ab 16 Uhr. Im Wettbewerb \u201eLeipzig MALT\u201c des Humboldt Wissenschaftszentrums f\u00fcr Kindesentwicklung (HumanKind) der Universit\u00e4t Leipzig werden noch bis zum 31. Mai Nachwuchsk\u00fcnstler zwischen 3 und 14 Jahren gesucht, die sich kreativ mit der Zukunft unseres Planeten auseinandersetzen. Alle eingesandten Arbeiten werden zur Langen Nacht am Campus Augustusplatz der Universit\u00e4t ausgestellt und von einer Jury pr\u00e4miert. Die Stadt Leipzig l\u00e4dt mit verschiedenen Angeboten und spannenden Fakten ins Neue Rathaus und den Smart City Lab (Kupfergasse) ein.<\/p>\n<p>Um von einer Einrichtung zur n\u00e4chsten zu gelangen, besteht in diesem Jahr die M\u00f6glichkeit, kostenfrei Nextbike zu nutzen. Der Code zum Ausleihen findet sich auf der Website. Zudem verkehrt zwischen 18 und 23 Uhr eine Sonderbuslinie der LVB zwischen dem Augustusplatz und dem Wissenschaftspark in der Permoserstra\u00dfe.<\/p>\n<p>Die Lange Nacht der Wissenschaften wird von den Leipziger Hochschulen und Forschungseinrichtungen gemeinsam mit der Stadt Leipzig organisiert und finanziell von der Leipziger Gruppe, der Sparkasse Leipzig und dem Leipzig Science Network unterst\u00fctzt sowie durch die Stiftung f\u00fcr Innovation und Technologietransfer gef\u00f6rdert.<\/p>\n<p>Weitere Informationen und das komplette Programm: <a href=\"https:\/\/www.wissen-in-leipzig.de\" target=\"_blank\" rel=\"nofollow noopener\">www.wissen-in-leipzig.de<\/a><\/p>\n<p>Redaktion: Julia Franke<\/p>\n","protected":false},"excerpt":{"rendered":"Pressemitteilung &#8211; 30. Mai 2025 13:52 Der Countdown l\u00e4uft: Am Freitag, den 20. Juni 2025, \u00f6ffnen die Leipziger&hellip;\n","protected":false},"author":2,"featured_media":151439,"comment_status":"","ping_status":"","sticky":false,"template":"","format":"standard","meta":{"footnotes":""},"categories":[1832],"tags":[3364,29,30,9868,71,859],"class_list":{"0":"post-151438","1":"post","2":"type-post","3":"status-publish","4":"format-standard","5":"has-post-thumbnail","7":"category-leipzig","8":"tag-de","9":"tag-deutschland","10":"tag-germany","11":"tag-kunst-und-kultur","12":"tag-leipzig","13":"tag-sachsen"},"share_on_mastodon":{"url":"https:\/\/pubeurope.com\/@de\/114596673318771929","error":""},"_links":{"self":[{"href":"https:\/\/www.europesays.com\/de\/wp-json\/wp\/v2\/posts\/151438","targetHints":{"allow":["GET"]}}],"collection":[{"href":"https:\/\/www.europesays.com\/de\/wp-json\/wp\/v2\/posts"}],"about":[{"href":"https:\/\/www.europesays.com\/de\/wp-json\/wp\/v2\/types\/post"}],"author":[{"embeddable":true,"href":"https:\/\/www.europesays.com\/de\/wp-json\/wp\/v2\/users\/2"}],"replies":[{"embeddable":true,"href":"https:\/\/www.europesays.com\/de\/wp-json\/wp\/v2\/comments?post=151438"}],"version-history":[{"count":0,"href":"https:\/\/www.europesays.com\/de\/wp-json\/wp\/v2\/posts\/151438\/revisions"}],"wp:featuredmedia":[{"embeddable":true,"href":"https:\/\/www.europesays.com\/de\/wp-json\/wp\/v2\/media\/151439"}],"wp:attachment":[{"href":"https:\/\/www.europesays.com\/de\/wp-json\/wp\/v2\/media?parent=151438"}],"wp:term":[{"taxonomy":"category","embeddable":true,"href":"https:\/\/www.europesays.com\/de\/wp-json\/wp\/v2\/categories?post=151438"},{"taxonomy":"post_tag","embeddable":true,"href":"https:\/\/www.europesays.com\/de\/wp-json\/wp\/v2\/tags?post=151438"}],"curies":[{"name":"wp","href":"https:\/\/api.w.org\/{rel}","templated":true}]}}