{"id":151440,"date":"2025-05-30T12:00:09","date_gmt":"2025-05-30T12:00:09","guid":{"rendered":"https:\/\/www.europesays.com\/de\/151440\/"},"modified":"2025-05-30T12:00:09","modified_gmt":"2025-05-30T12:00:09","slug":"bahnhofsviertel-soll-zum-kulturquartier-werden","status":"publish","type":"post","link":"https:\/\/www.europesays.com\/de\/151440\/","title":{"rendered":"Bahnhofsviertel soll zum Kulturquartier werden"},"content":{"rendered":"<p class=\"text_ohne_einzug richtext text-em-55 !leading-serif mx-6 desktop:mx-0\">Es ist ruhig geworden auf dem Worringer Platz. Wo lange ein langsam verfallendes Glashaus, verwahrloste und verzweifelte Gestalten und kaputte Glasb\u00e4nke mit Spritzen darunter das Bild bestimmten, ist jetzt vor allem: Platz. Gro\u00dfe B\u00e4ume spenden Schatten, ab und an rauscht eine Bahn vorbei. Die Szene der Suchtkranken und Wohnungslosen ist weitergezogen, Richtung Erkrather Stra\u00dfe und Hauptbahnhof. Am Sonntag soll es hier aber wieder laut werden: Ein Fu\u00dfballfeld wird aufgebaut, f\u00fcr Kinder und Jugendliche, und f\u00fcr alle, die den Platz und seine Umgebung zu neuem Leben erwecken wollen.<\/p>\n","protected":false},"excerpt":{"rendered":"Es ist ruhig geworden auf dem Worringer Platz. Wo lange ein langsam verfallendes Glashaus, verwahrloste und verzweifelte Gestalten&hellip;\n","protected":false},"author":2,"featured_media":151441,"comment_status":"","ping_status":"","sticky":false,"template":"","format":"standard","meta":{"footnotes":""},"categories":[1831],"tags":[9779,3364,29,3405,30,4264,4266,1209],"class_list":{"0":"post-151440","1":"post","2":"type-post","3":"status-publish","4":"format-standard","5":"has-post-thumbnail","7":"category-duesseldorf","8":"tag-stadtmitte","9":"tag-de","10":"tag-deutschland","11":"tag-duesseldorf","12":"tag-germany","13":"tag-kess","14":"tag-marlen","15":"tag-nordrhein-westfalen"},"share_on_mastodon":{"url":"https:\/\/pubeurope.com\/@de\/114596677559406581","error":""},"_links":{"self":[{"href":"https:\/\/www.europesays.com\/de\/wp-json\/wp\/v2\/posts\/151440","targetHints":{"allow":["GET"]}}],"collection":[{"href":"https:\/\/www.europesays.com\/de\/wp-json\/wp\/v2\/posts"}],"about":[{"href":"https:\/\/www.europesays.com\/de\/wp-json\/wp\/v2\/types\/post"}],"author":[{"embeddable":true,"href":"https:\/\/www.europesays.com\/de\/wp-json\/wp\/v2\/users\/2"}],"replies":[{"embeddable":true,"href":"https:\/\/www.europesays.com\/de\/wp-json\/wp\/v2\/comments?post=151440"}],"version-history":[{"count":0,"href":"https:\/\/www.europesays.com\/de\/wp-json\/wp\/v2\/posts\/151440\/revisions"}],"wp:featuredmedia":[{"embeddable":true,"href":"https:\/\/www.europesays.com\/de\/wp-json\/wp\/v2\/media\/151441"}],"wp:attachment":[{"href":"https:\/\/www.europesays.com\/de\/wp-json\/wp\/v2\/media?parent=151440"}],"wp:term":[{"taxonomy":"category","embeddable":true,"href":"https:\/\/www.europesays.com\/de\/wp-json\/wp\/v2\/categories?post=151440"},{"taxonomy":"post_tag","embeddable":true,"href":"https:\/\/www.europesays.com\/de\/wp-json\/wp\/v2\/tags?post=151440"}],"curies":[{"name":"wp","href":"https:\/\/api.w.org\/{rel}","templated":true}]}}