{"id":151445,"date":"2025-05-30T12:03:09","date_gmt":"2025-05-30T12:03:09","guid":{"rendered":"https:\/\/www.europesays.com\/de\/151445\/"},"modified":"2025-05-30T12:03:09","modified_gmt":"2025-05-30T12:03:09","slug":"supercup-in-stuttgart-vfb-empfaengt-meister-fc-bayern-baden-wuerttemberg","status":"publish","type":"post","link":"https:\/\/www.europesays.com\/de\/151445\/","title":{"rendered":"Supercup in Stuttgart: VfB empf\u00e4ngt Meister FC Bayern &#8211; Baden-W\u00fcrttemberg"},"content":{"rendered":"<p>Stuttgart (dpa) &#8211; Der Fu\u00dfball-Supercup findet in der Stuttgarter MHP Arena statt. Der DFB-Pokalsieger VfB Stuttgart erwartet den Meister FC Bayern M\u00fcnchen am 16. August (20.30 Uhr\/Sky und SAT.1) damit im eigenen Stadion. Das teilte die Deutsche Fu\u00dfball Liga mit.\u00a0<\/p>\n<p>Der erste sportliche H\u00f6hepunkt der kommenden Saison wird erstmals unter dem Namen Franz-Beckenbauer-Supercup ausgetragen und w\u00fcrdigt damit den im Januar 2024 gestorbenen Weltmeister von 1974. Zur Pr\u00e4mie f\u00fcr die beiden Clubs machte die DFL noch keine Angaben.\u00a0<\/p>\n<p>VfB verlor 2024 in Leverkusen<\/p>\n<p>Im vergangenen Jahr erhielt der Double-Gewinner Bayer Leverkusen als Sieger drei Millionen Euro, der damals als Vizemeister angetretene VfB als Verlierer zwei Millionen Euro. Die Partie fand in Leverkusen statt, Bayer gewann im Elfmeterschie\u00dfen.\u00a0<\/p>\n<p>\u00abEs ist eine sehr gute Entscheidung der DFL, den kommenden Franz-Beckenbauer-Supercup in der MHP Arena auszutragen\u00bb, sagte der VfB-Vorstandsvorsitzende Alexander Wehrle. \u00abUnsere Arena bietet hervorragende Rahmenbedingungen f\u00fcr dieses gro\u00dfe Spiel.\u00bb<\/p>\n","protected":false},"excerpt":{"rendered":"Stuttgart (dpa) &#8211; Der Fu\u00dfball-Supercup findet in der Stuttgarter MHP Arena statt. Der DFB-Pokalsieger VfB Stuttgart erwartet den&hellip;\n","protected":false},"author":2,"featured_media":151446,"comment_status":"","ping_status":"","sticky":false,"template":"","format":"standard","meta":{"footnotes":""},"categories":[1830],"tags":[1634,772,299,3364,29,458,347,30,4823,265,1441,2915],"class_list":{"0":"post-151445","1":"post","2":"type-post","3":"status-publish","4":"format-standard","5":"has-post-thumbnail","7":"category-stuttgart","8":"tag-baden-wuerttemberg","9":"tag-bayern","10":"tag-bundesliga","11":"tag-de","12":"tag-deutschland","13":"tag-fc-bayern-muenchen","14":"tag-fussball","15":"tag-germany","16":"tag-meldung","17":"tag-sport","18":"tag-stuttgart","19":"tag-vfb-stuttgart"},"share_on_mastodon":{"url":"https:\/\/pubeurope.com\/@de\/114596689109409656","error":""},"_links":{"self":[{"href":"https:\/\/www.europesays.com\/de\/wp-json\/wp\/v2\/posts\/151445","targetHints":{"allow":["GET"]}}],"collection":[{"href":"https:\/\/www.europesays.com\/de\/wp-json\/wp\/v2\/posts"}],"about":[{"href":"https:\/\/www.europesays.com\/de\/wp-json\/wp\/v2\/types\/post"}],"author":[{"embeddable":true,"href":"https:\/\/www.europesays.com\/de\/wp-json\/wp\/v2\/users\/2"}],"replies":[{"embeddable":true,"href":"https:\/\/www.europesays.com\/de\/wp-json\/wp\/v2\/comments?post=151445"}],"version-history":[{"count":0,"href":"https:\/\/www.europesays.com\/de\/wp-json\/wp\/v2\/posts\/151445\/revisions"}],"wp:featuredmedia":[{"embeddable":true,"href":"https:\/\/www.europesays.com\/de\/wp-json\/wp\/v2\/media\/151446"}],"wp:attachment":[{"href":"https:\/\/www.europesays.com\/de\/wp-json\/wp\/v2\/media?parent=151445"}],"wp:term":[{"taxonomy":"category","embeddable":true,"href":"https:\/\/www.europesays.com\/de\/wp-json\/wp\/v2\/categories?post=151445"},{"taxonomy":"post_tag","embeddable":true,"href":"https:\/\/www.europesays.com\/de\/wp-json\/wp\/v2\/tags?post=151445"}],"curies":[{"name":"wp","href":"https:\/\/api.w.org\/{rel}","templated":true}]}}