{"id":151455,"date":"2025-05-30T12:09:09","date_gmt":"2025-05-30T12:09:09","guid":{"rendered":"https:\/\/www.europesays.com\/de\/151455\/"},"modified":"2025-05-30T12:09:09","modified_gmt":"2025-05-30T12:09:09","slug":"los-babriks-aus-muenchen-die-internationalste-cumbia-band-der-welt-muenchen","status":"publish","type":"post","link":"https:\/\/www.europesays.com\/de\/151455\/","title":{"rendered":"Los Babriks aus M\u00fcnchen: Die internationalste Cumbia -Band der Welt &#8211; M\u00fcnchen"},"content":{"rendered":"<p data-manual=\"paragraph\" data-schema-org-speakable=\"true\" class=\"css-1ylqqlw\">Welch enorme Popularit\u00e4t die Cumbia als l\u00e4ssig entschleunigte Verwandte der Salsa in Latein- und Mittelamerika genie\u00dft, l\u00e4sst sich im Grunde bereits anhand ihrer unz\u00e4hligen Ver\u00e4stelungen vergegenw\u00e4rtigen. Denn was sich einst in Folge der Kolonisierung Kolumbiens als Fusion zwischen afro-karibisch gepr\u00e4gter Rhythmik und indigen gepr\u00e4gter Melodik entwickelte (und bald auch um spanisches Liedgut und europ\u00e4ische Instrumente erweitert wurde), ist heute eines der \u00fcppigsten Genres \u00fcberhaupt.<\/p>\n<p data-manual=\"paragraph\" data-schema-org-speakable=\"true\" class=\"css-1ylqqlw\">Kein spanischsprachiges Land zwischen Argentinien und Mexiko ohne eigenen Cumbia-Sound samt vielf\u00e4ltiger regionaler Ausgestaltung. Seit ihrem Revival in den Neunzigerjahren gibt es diese mal progressiv, mal kommerziell weiterentwickelte Tanzmusik heute etwa als poppifizierte Cumbia R\u00f3mantica oder als entgrenzende Cumbia Psicod\u00e9lica. Als Cumbia Villera, die in Gangsta-Rap-Manier vom Leben in den Elendsvierteln erz\u00e4hlt, oder auch als elektronisch aufgepeppte Cumbia Electr\u00f3nica.<\/p>\n<p data-manual=\"paragraph\" data-schema-org-speakable=\"true\" class=\"css-1ylqqlw\">Mit den Los Babriks hat sich nun auch eine M\u00fcnchner Band in der weiten Welt der Cumbia verortet. Wobei das mit der Band in diesem Fall so eine Sache ist. Entstand ihr Anfang April via One World Records erschienenes Deb\u00fct \u201eEl Vuelo Del Babrik\u201c doch bereits 2021 als pandemisches Solo-Projekt im Heimstudio ihres deutsch-mexikanischen Songwriters Mauricio-Joran Cese\u00f1a.<\/p>\n<p data-manual=\"paragraph\" data-schema-org-speakable=\"true\" class=\"css-1ylqqlw\">Von der schimmerig verhallten E-Gitarre bis zur elektronischen Orgel, vom Bass bis zur Percussion und vom Synthie bis zum ratschenden Sound des G\u00fciro hat Cese\u00f1a, der zuvor vor allem im Reggae-Kontext t\u00e4tig war (etwa als Teil der Irie Invaders oder auch f\u00fcr Ami Warning), hier alles im Alleingang eingespielt \u2013 und dann durch den Chilenen Hector Tapia an Congas, Bongo, Timbale und Maracas trommelnd und rasselnd veredeln lassen.<\/p>\n<p data-manual=\"paragraph\" data-schema-org-speakable=\"true\" class=\"css-1ylqqlw\">Das Ergebnis sind zehn weitgehend instrumentale Tracks mit Tapia als aufgekratztem Antreiber, die \u00fcber ihre Instrumentierung zumeist in der Tradition peruanischer Cumbia-Spielarten wie der Chicha oder der Cumbia Amazonica stehen, ohne sich dabei allzu sehr darauf festnageln zu lassen. Mal entfalten sie eine flimmernde Psychedelik (\u201eDesierto\u201c), mal mit Hector Tapia als S\u00e4nger eine selten s\u00fc\u00dfe Form schmachtender Melancholie (\u201ePara ti\u201c), mal ein charmant retrofuturistisches Synthie-Flair (\u201eComo Piojo\u201c), zu jedem Zeitpunkt aber bezirzend feingliedrige Grooves, in die man sich reinlegen m\u00f6chte.<\/p>\n<p data-manual=\"paragraph\" data-schema-org-speakable=\"true\" class=\"css-1ylqqlw\">Umso sch\u00f6ner also, dass Cese\u00f1a und Tapia es nicht bei einem Studio-Projekt belie\u00dfen und sie befreundete Musiker aus der M\u00fcnchner Musikszene zur Live-Umsetzung mit ins Boot holten. Und so bildet Hector Tapia als Bongo- und G\u00fciro-Spezialist auf der B\u00fchne nun ein Gesangstrio mit dem spanischen Gitarristen Gonzalo Blasco und dem puerto-ricanischen Conga-Spieler Jose Maldonado, w\u00e4hrend der japanische Drummer Minori Shimayama, der US-amerikanische Organist John Marinelli und Mauricio-Joran Cese\u00f1a als Bassist f\u00fcrs Fundament sorgen. Sechs Musiker aus sechs Nationen also \u2013 eine internationalere Cumbia-Combo als diese M\u00fcnchner Truppe d\u00fcrfte die Welt noch nicht gesehen haben.<\/p>\n<p data-manual=\"paragraph\" data-schema-org-speakable=\"true\" class=\"css-1ylqqlw\"><strong>Los Babriks, Samstag, 31. Mai, 21 Uhr, Import\/Export, Schwere-Reiter-Str. 2h<\/strong><\/p>\n","protected":false},"excerpt":{"rendered":"Welch enorme Popularit\u00e4t die Cumbia als l\u00e4ssig entschleunigte Verwandte der Salsa in Latein- und Mittelamerika genie\u00dft, l\u00e4sst sich&hellip;\n","protected":false},"author":2,"featured_media":151456,"comment_status":"","ping_status":"","sticky":false,"template":"","format":"standard","meta":{"footnotes":""},"categories":[1827],"tags":[772,29,30,3371,2392,1268,810,149],"class_list":{"0":"post-151455","1":"post","2":"type-post","3":"status-publish","4":"format-standard","5":"has-post-thumbnail","7":"category-muenchen","8":"tag-bayern","9":"tag-deutschland","10":"tag-germany","11":"tag-konzerte-muenchen","12":"tag-kultur-in-muenchen","13":"tag-muenchen","14":"tag-musik","15":"tag-sueddeutsche-zeitung"},"share_on_mastodon":{"url":"https:\/\/pubeurope.com\/@de\/114596712716258500","error":""},"_links":{"self":[{"href":"https:\/\/www.europesays.com\/de\/wp-json\/wp\/v2\/posts\/151455","targetHints":{"allow":["GET"]}}],"collection":[{"href":"https:\/\/www.europesays.com\/de\/wp-json\/wp\/v2\/posts"}],"about":[{"href":"https:\/\/www.europesays.com\/de\/wp-json\/wp\/v2\/types\/post"}],"author":[{"embeddable":true,"href":"https:\/\/www.europesays.com\/de\/wp-json\/wp\/v2\/users\/2"}],"replies":[{"embeddable":true,"href":"https:\/\/www.europesays.com\/de\/wp-json\/wp\/v2\/comments?post=151455"}],"version-history":[{"count":0,"href":"https:\/\/www.europesays.com\/de\/wp-json\/wp\/v2\/posts\/151455\/revisions"}],"wp:featuredmedia":[{"embeddable":true,"href":"https:\/\/www.europesays.com\/de\/wp-json\/wp\/v2\/media\/151456"}],"wp:attachment":[{"href":"https:\/\/www.europesays.com\/de\/wp-json\/wp\/v2\/media?parent=151455"}],"wp:term":[{"taxonomy":"category","embeddable":true,"href":"https:\/\/www.europesays.com\/de\/wp-json\/wp\/v2\/categories?post=151455"},{"taxonomy":"post_tag","embeddable":true,"href":"https:\/\/www.europesays.com\/de\/wp-json\/wp\/v2\/tags?post=151455"}],"curies":[{"name":"wp","href":"https:\/\/api.w.org\/{rel}","templated":true}]}}