{"id":151460,"date":"2025-05-30T12:12:09","date_gmt":"2025-05-30T12:12:09","guid":{"rendered":"https:\/\/www.europesays.com\/de\/151460\/"},"modified":"2025-05-30T12:12:09","modified_gmt":"2025-05-30T12:12:09","slug":"berlin-brandenburg-mit-schuelerzahlen-getrickst-betrugsverfahren-eingestellt","status":"publish","type":"post","link":"https:\/\/www.europesays.com\/de\/151460\/","title":{"rendered":"Berlin &#038; Brandenburg: Mit Sch\u00fclerzahlen getrickst? Betrugsverfahren eingestellt"},"content":{"rendered":"<p>                    Berlin &amp; Brandenburg<br \/>\n                Mit Sch\u00fclerzahlen getrickst? Betrugsverfahren eingestellt<\/p>\n<p>\t\t\t\t              30.05.2025, 14:03 Uhr<\/p>\n<p><strong>Zehn Jahre nach der Anklage ist klar: Das Verfahren in Potsdam gegen fr\u00fchere Gesch\u00e4ftsf\u00fchrerinnen einer Privatschule wegen schweren Betrugs ist ohne Urteil eingestellt. Ein Prozess kam nie in Gang.<\/strong><\/p>\n<p>Potsdam (dpa\/bb) &#8211; Rund zehn Jahre nach der Anklage gegen Mitarbeiterinnen eines privaten Schultr\u00e4gers wegen schweren Betrugs hat das Landgericht Potsdam das Verfahren eingestellt. Verhandlungsunf\u00e4higkeit und anschlie\u00dfend Verj\u00e4hrung waren Gr\u00fcnde daf\u00fcr, dass die vorgeworfenen Taten nicht mehr strafrechtlich verfolgt werden. Das teilte das Gericht in Potsdam mit.\u00a0<\/p>\n<p>Zwei fr\u00fchere Gesch\u00e4ftsf\u00fchrerinnen einer Privatschule sollen unter Angabe falscher Sch\u00fclerzahlen\u00a0Zusch\u00fcsse beantragt und erhalten haben, die ihnen in der jeweiligen H\u00f6he nicht\u00a0zustanden, wie das Landgericht mitteilte. 2010 gab es Ermittlungen, 2015 erfolgte die Anklage der Staatsanwaltschaft wegen schweren Betrugs.\u00a0<\/p>\n<p>Wie es in der Mitteilung des Gerichts hei\u00dft, setzte die 2. Strafkammer mehrmals Termine zur Hauptverhandlung an, die aufgrund fehlender Verhandlungsf\u00e4higkeit einer der Angeklagten aber aufgehoben wurden. Zur Feststellung der Verhandlungsf\u00e4higkeit seien wiederholt medizinische Sachverst\u00e4ndige beauftragt worden.\u00a0<\/p>\n<p>Vorwurf: mit \u00fcberh\u00f6hten Sch\u00fclerzahlen Landesmittel erschlichen<\/p>\n<p>&#8222;Bei s\u00e4mtlichen in der Anklageschrift vorgeworfenen Taten ist inzwischen\u00a0<br \/>Verfolgungsverj\u00e4hrung eingetreten, sodass die Kammer daher mit Zustimmung der Staatsanwaltschaft das Verfahren au\u00dferhalb der Hauptverhandlung eingestellt hat&#8220;, so das Gericht. Gegen die zweite Angeklagte wurde das Verfahren gegen Zahlung eines Geldbetrages in H\u00f6he von 5.000 Euro eingestellt.\u00a0<\/p>\n<p>Es ging dabei um das sogenannte Educon-Verfahren. Das Bildungsministerium hatte dem Unternehmen Educon 2010 vorgeworfen, mit \u00fcberh\u00f6hten Sch\u00fclerzahlen Landesmittel erschlichen zu haben.<\/p>\n","protected":false},"excerpt":{"rendered":"Berlin &amp; Brandenburg Mit Sch\u00fclerzahlen getrickst? Betrugsverfahren eingestellt 30.05.2025, 14:03 Uhr Zehn Jahre nach der Anklage ist klar:&hellip;\n","protected":false},"author":2,"featured_media":151461,"comment_status":"","ping_status":"","sticky":false,"template":"","format":"standard","meta":{"footnotes":""},"categories":[1816],"tags":[1960,1958,1959,1957,296,1956,49181,1890,29,30,19872,53833],"class_list":{"0":"post-151460","1":"post","2":"type-post","3":"status-publish","4":"format-standard","5":"has-post-thumbnail","7":"category-brandenburg","8":"tag-aktuelle-nachrichten-aus-berlin-und-brandenburg","9":"tag-aktuelle-nachrichten-aus-brandenburg","10":"tag-aktuelle-news-aus-berlin-und-brandenburg","11":"tag-aktuelle-news-aus-brandenburg","12":"tag-berlin","13":"tag-berlin-und-brandenburg","14":"tag-betrugsverfahren","15":"tag-brandenburg","16":"tag-deutschland","17":"tag-germany","18":"tag-mit","19":"tag-schuelerzahlen"},"share_on_mastodon":{"url":"https:\/\/pubeurope.com\/@de\/114596724607099859","error":""},"_links":{"self":[{"href":"https:\/\/www.europesays.com\/de\/wp-json\/wp\/v2\/posts\/151460","targetHints":{"allow":["GET"]}}],"collection":[{"href":"https:\/\/www.europesays.com\/de\/wp-json\/wp\/v2\/posts"}],"about":[{"href":"https:\/\/www.europesays.com\/de\/wp-json\/wp\/v2\/types\/post"}],"author":[{"embeddable":true,"href":"https:\/\/www.europesays.com\/de\/wp-json\/wp\/v2\/users\/2"}],"replies":[{"embeddable":true,"href":"https:\/\/www.europesays.com\/de\/wp-json\/wp\/v2\/comments?post=151460"}],"version-history":[{"count":0,"href":"https:\/\/www.europesays.com\/de\/wp-json\/wp\/v2\/posts\/151460\/revisions"}],"wp:featuredmedia":[{"embeddable":true,"href":"https:\/\/www.europesays.com\/de\/wp-json\/wp\/v2\/media\/151461"}],"wp:attachment":[{"href":"https:\/\/www.europesays.com\/de\/wp-json\/wp\/v2\/media?parent=151460"}],"wp:term":[{"taxonomy":"category","embeddable":true,"href":"https:\/\/www.europesays.com\/de\/wp-json\/wp\/v2\/categories?post=151460"},{"taxonomy":"post_tag","embeddable":true,"href":"https:\/\/www.europesays.com\/de\/wp-json\/wp\/v2\/tags?post=151460"}],"curies":[{"name":"wp","href":"https:\/\/api.w.org\/{rel}","templated":true}]}}