{"id":151473,"date":"2025-05-30T12:20:09","date_gmt":"2025-05-30T12:20:09","guid":{"rendered":"https:\/\/www.europesays.com\/de\/151473\/"},"modified":"2025-05-30T12:20:09","modified_gmt":"2025-05-30T12:20:09","slug":"jochen-till-lesefoerderung-heisst-die-kinder-ans-buch-zu-bringen-schifferstadt","status":"publish","type":"post","link":"https:\/\/www.europesays.com\/de\/151473\/","title":{"rendered":"Jochen Till: Lesef\u00f6rderung hei\u00dft die Kinder ans Buch zu bringen &#8211; Schifferstadt"},"content":{"rendered":"<p class=\"rhp-dpa-teaser\"><b>Interview:  Autor  Jochen Till  kommt ans Paul-von-Denis-Gymnasium. Im Interview mit Julia K\u00f6ller spricht er \u00fcber seine Ideen, sein Schreiben und eine schwere Trennung.<\/b><\/p>\n<p><b>Herr Till, im Schnitt ver\u00f6ffentlichen Sie pro Jahr f\u00fcnf bis sechs B\u00fccher. Alle diese Werke wollen erst einmal geschrieben werden. Wie finden Sie da noch Zeit f\u00fcr Lesungen?<\/b><br \/>Es <\/p>\n<p class=\"\">Bitte loggen Sie sich ein um den Artikel im Klartext zu sehen.<\/p>\n<p class=\"\">tsi rehe euktmer.hg ieW aheb ich ochn eid Ziet uzm reeiSb?hnc Ich nbi levi fau eee.seriLs sE mmkot earb hacu uaardf an, ewi nlga so nie hcuB .tsi F&amp;rl;umu enine Ldnefizr-aBu hbuerca hic zewi Mnatoe, &amp;fur;mul ein Ee-trhceurBsls run iwze no.hceW<\/p>\n<p class=\"\">Die gLusne im PDv sti ilTe erd uereou;Ledmr<\/p>\n","protected":false},"excerpt":{"rendered":"Interview: Autor Jochen Till kommt ans Paul-von-Denis-Gymnasium. Im Interview mit Julia K\u00f6ller spricht er \u00fcber seine Ideen, sein&hellip;\n","protected":false},"author":2,"featured_media":151474,"comment_status":"","ping_status":"","sticky":false,"template":"","format":"standard","meta":{"footnotes":""},"categories":[1774],"tags":[1784,1785,29,214,30,53834,53836,1460,53835,4060,47793,215],"class_list":{"0":"post-151473","1":"post","2":"type-post","3":"status-publish","4":"format-standard","5":"has-post-thumbnail","7":"category-buecher","8":"tag-books","9":"tag-buecher","10":"tag-deutschland","11":"tag-entertainment","12":"tag-germany","13":"tag-jochen-till","14":"tag-julia-koeller","15":"tag-kind","16":"tag-lesefoerderung","17":"tag-lokal","18":"tag-schifferstadt","19":"tag-unterhaltung"},"share_on_mastodon":{"url":"https:\/\/pubeurope.com\/@de\/114596755922263461","error":""},"_links":{"self":[{"href":"https:\/\/www.europesays.com\/de\/wp-json\/wp\/v2\/posts\/151473","targetHints":{"allow":["GET"]}}],"collection":[{"href":"https:\/\/www.europesays.com\/de\/wp-json\/wp\/v2\/posts"}],"about":[{"href":"https:\/\/www.europesays.com\/de\/wp-json\/wp\/v2\/types\/post"}],"author":[{"embeddable":true,"href":"https:\/\/www.europesays.com\/de\/wp-json\/wp\/v2\/users\/2"}],"replies":[{"embeddable":true,"href":"https:\/\/www.europesays.com\/de\/wp-json\/wp\/v2\/comments?post=151473"}],"version-history":[{"count":0,"href":"https:\/\/www.europesays.com\/de\/wp-json\/wp\/v2\/posts\/151473\/revisions"}],"wp:featuredmedia":[{"embeddable":true,"href":"https:\/\/www.europesays.com\/de\/wp-json\/wp\/v2\/media\/151474"}],"wp:attachment":[{"href":"https:\/\/www.europesays.com\/de\/wp-json\/wp\/v2\/media?parent=151473"}],"wp:term":[{"taxonomy":"category","embeddable":true,"href":"https:\/\/www.europesays.com\/de\/wp-json\/wp\/v2\/categories?post=151473"},{"taxonomy":"post_tag","embeddable":true,"href":"https:\/\/www.europesays.com\/de\/wp-json\/wp\/v2\/tags?post=151473"}],"curies":[{"name":"wp","href":"https:\/\/api.w.org\/{rel}","templated":true}]}}