{"id":151484,"date":"2025-05-30T12:26:17","date_gmt":"2025-05-30T12:26:17","guid":{"rendered":"https:\/\/www.europesays.com\/de\/151484\/"},"modified":"2025-05-30T12:26:17","modified_gmt":"2025-05-30T12:26:17","slug":"prinz-ernst-august-von-hannover-in-der-klinik-seine-claudia-haelt-fest-zu-ihm-unterhaltung","status":"publish","type":"post","link":"https:\/\/www.europesays.com\/de\/151484\/","title":{"rendered":"Prinz Ernst August von Hannover in der Klinik! Seine Claudia h\u00e4lt fest zu ihm | Unterhaltung"},"content":{"rendered":"<p>Madrid \u2013<b> Auf sie kann er sich verlassen. Prinz Ernst August von Hannover liegt nach einem Sturz wieder in der Klinik. Er soll sich nach BILD-Informationen das k\u00fcnstliche H\u00fcftgelenk gebrochen haben, das ihm gerade erst eingesetzt worden war.<\/b><\/p>\n<p>Fest an der Seite von Ernst August: Partnerin Claudia Stilianopoulos. Mit sorgenvollem Gesicht kam sie am Donnerstag aus der \u201eCl\u00ednica Ruber Internacional\u201c in Madrid.<\/p>\n<p><img decoding=\"async\" width=\"992\" height=\"661\" alt=\"Am 21. April verlie\u00df Ernst August die Klinik. Nun wurde er erneute eingeliefert. Er ist auf einen Rollator angewiesen\" src=\"https:\/\/www.europesays.com\/de\/wp-content\/uploads\/2025\/05\/4b861689e134aa5df38b8089a4418fb7,dc445d01\"   class=\"dynamic\" loading=\"lazy\"\/><\/p>\n<p class=\"fig__caption__text\">Am 21. April verlie\u00df Ernst August die Klinik. Nun wurde er erneut eingeliefert<\/p>\n<p>Foto: Europa Press via Getty Images<\/p>\n<p>Kein Wunder! Es ist der dritte Klinik-Aufenthalt innerhalb von knapp acht Wochen bei dem Welfenprinz. Am 16. Mai war Ernst August gerade erst aus der \u201eRuber Internacional\u201c entlassen worden. <\/p>\n<p>Anfang April war bekannt geworden, dass er mit Verdacht auf Nierenversagen eingeliefert worden war. Ernst August soll mehrere Tage auf der Intensivstation verbracht haben. Und nun die gebrochene H\u00fcfte! Ein herber R\u00fcckschlag.<\/p>\n<p>Lesen Sie auch<\/p>\n<p>Mit der Malerin, Bildhauerin und Fotografin <a href=\"https:\/\/www.bild.de\/unterhaltung\/stars-und-leute\/ernst-august-von-hannover-wer-ist-die-starke-frau-an-seiner-seite-67fb66ed8250b219fc6280b3\" class=\"text-link\" target=\"_blank\" rel=\"noopener\">Claudia Stilianopoulos<\/a> (Spitzname \u201eClo\u201c) soll Ernst August von Hannover seit 2021 zusammen sein. Sie sollen sich auf Ibiza kennengelernt haben, wo eine gemeinsame Bekannte sie einander vorstellte. <\/p>\n<p>Aus einem Urlaubsflirt wurde eine enge Verbundenheit.<\/p>\n<p><img decoding=\"async\" width=\"992\" height=\"662\" alt=\"Ernst-August-Freundin Claudia vor der Klinik. Sie h\u00e4lt mehrere Papiere in der Hand\" src=\"https:\/\/www.europesays.com\/de\/wp-content\/uploads\/2025\/05\/1c5f88962f0d24df04b4cde3ac6c21e4,cc335fb0\"   class=\"dynamic\" loading=\"lazy\"\/><\/p>\n<p class=\"fig__caption__text\">Ernst-August-Freundin Claudia vor der Klinik. Sie h\u00e4lt mehrere Papiere in der Hand <\/p>\n<p>Foto: Andreas Klinger<\/p>\n<p>Auch w\u00e4hrend des vergangenen Krankenhausaufenthalts von Ernst August kam Claudia, wie dessen <a href=\"https:\/\/www.bild.de\/unterhaltung\/stars-und-leute\/ernst-august-weiter-in-klinik-versoehnt-er-sich-jetzt-mit-seinem-sohn-67fcd0c82be3ce37c1b94689\" class=\"text-link\" target=\"_blank\" rel=\"noopener\">Sohn Christian,<\/a> fast t\u00e4glich in die Klinik. <\/p>\n<p>Sie muss den Prinzen wieder aufbauen. Ernst August ist bereits <a href=\"https:\/\/www.bild.de\/unterhaltung\/stars-und-leute\/ernst-august-nach-klinik-am-rollator-welfen-prinz-laesst-sich-nicht-unterkriegen-680f20c3d40b10440c2b6113\" class=\"text-link\" target=\"_blank\" rel=\"noopener\">auf einen Rollator angewiesen<\/a>. In seinem Alter wird er mehrere Wochen mit dem Bruch zu k\u00e4mpfen haben. Der R\u00fcckschlag muss f\u00fcr ihn schwer zu verdauen sein. <\/p>\n<p><img decoding=\"async\" width=\"992\" height=\"1584\" alt=\"Oktober 2021: Das Paar gemeinsam unterwegs in Madrid. In dem Jahr sollen sich beide auf Ibiza kennengelernt haben\" src=\"https:\/\/www.europesays.com\/de\/wp-content\/uploads\/2025\/05\/b903b92d50f6edd932e926b3d0cf12f2,e14d8cdf\"   class=\"dynamic\" loading=\"lazy\"\/><\/p>\n<p class=\"fig__caption__text\">Oktober 2021: Das Paar unterwegs in Madrid. In dem Jahr sollen sich Ernst August und die K\u00fcnstlerin auf Ibiza kennengelernt haben<\/p>\n<p>Foto: GTres \/ SplashNews.com<\/p>\n<p>Claudia Stilianopoulos arbeitet als Malerin, Bildhauerin und Fotografin. Mit ihrem geschiedenen Ex-Mann, dem spanischen Bildhauer Juan Garaizabal (54), hat sie die T\u00f6chter Olivia und Casilda (beide im Teenager-Alter). <\/p>\n<p>Wer bisher noch nie an der Klinik gesichtet wurde: Prinzessin Caroline von Monaco (68) \u2013 auf dem Papier ist sie immer noch die Ehefrau von Ernst August. <\/p>\n","protected":false},"excerpt":{"rendered":"Madrid \u2013 Auf sie kann er sich verlassen. Prinz Ernst August von Hannover liegt nach einem Sturz wieder&hellip;\n","protected":false},"author":2,"featured_media":151485,"comment_status":"","ping_status":"","sticky":false,"template":"","format":"standard","meta":{"footnotes":""},"categories":[155],"tags":[29,214,8286,18719,30,53837,3263,10277,24041,8206,45,215],"class_list":{"0":"post-151484","1":"post","2":"type-post","3":"status-publish","4":"format-standard","5":"has-post-thumbnail","7":"category-unterhaltung","8":"tag-deutschland","9":"tag-entertainment","10":"tag-ernst-august-prinz-von-hannover","11":"tag-freundin","12":"tag-germany","13":"tag-hueft-operation","14":"tag-krankenhaus","15":"tag-madrid","16":"tag-nierenversagen","17":"tag-royals","18":"tag-texttospeech","19":"tag-unterhaltung"},"share_on_mastodon":{"url":"https:\/\/pubeurope.com\/@de\/114596779449971652","error":""},"_links":{"self":[{"href":"https:\/\/www.europesays.com\/de\/wp-json\/wp\/v2\/posts\/151484","targetHints":{"allow":["GET"]}}],"collection":[{"href":"https:\/\/www.europesays.com\/de\/wp-json\/wp\/v2\/posts"}],"about":[{"href":"https:\/\/www.europesays.com\/de\/wp-json\/wp\/v2\/types\/post"}],"author":[{"embeddable":true,"href":"https:\/\/www.europesays.com\/de\/wp-json\/wp\/v2\/users\/2"}],"replies":[{"embeddable":true,"href":"https:\/\/www.europesays.com\/de\/wp-json\/wp\/v2\/comments?post=151484"}],"version-history":[{"count":0,"href":"https:\/\/www.europesays.com\/de\/wp-json\/wp\/v2\/posts\/151484\/revisions"}],"wp:featuredmedia":[{"embeddable":true,"href":"https:\/\/www.europesays.com\/de\/wp-json\/wp\/v2\/media\/151485"}],"wp:attachment":[{"href":"https:\/\/www.europesays.com\/de\/wp-json\/wp\/v2\/media?parent=151484"}],"wp:term":[{"taxonomy":"category","embeddable":true,"href":"https:\/\/www.europesays.com\/de\/wp-json\/wp\/v2\/categories?post=151484"},{"taxonomy":"post_tag","embeddable":true,"href":"https:\/\/www.europesays.com\/de\/wp-json\/wp\/v2\/tags?post=151484"}],"curies":[{"name":"wp","href":"https:\/\/api.w.org\/{rel}","templated":true}]}}