{"id":151486,"date":"2025-05-30T12:27:09","date_gmt":"2025-05-30T12:27:09","guid":{"rendered":"https:\/\/www.europesays.com\/de\/151486\/"},"modified":"2025-05-30T12:27:09","modified_gmt":"2025-05-30T12:27:09","slug":"der-tag-apple-aendert-offenbar-namen-seiner-betriebssysteme","status":"publish","type":"post","link":"https:\/\/www.europesays.com\/de\/151486\/","title":{"rendered":"Der Tag: Apple \u00e4ndert offenbar Namen seiner Betriebssysteme"},"content":{"rendered":"<p>                    Der Tag<br \/>\n                Apple \u00e4ndert offenbar Namen seiner Betriebssysteme<\/p>\n<p>\t\t\t\t              30.05.2025, 13:16 Uhr<\/p>\n<p>Am 9. Juni stellt <b>Apple<\/b> auf seiner Entwicklerkonferenz <b>die neuesten Betriebssysteme f\u00fcr das iPhone, den Mac und Co.<\/b> vor. Doch eine Sache wird sich \u00e4ndern. Die US-Seite <a href=\"https:\/\/www.bloomberg.com\/news\/articles\/2025-05-28\/apple-to-rebrand-device-operating-systems-ios-26-macos-26-watchos-26\" rel=\"Follow noopener\" target=\"_blank\">&#8222;Bloomberg&#8220;<\/a> berichtet mit Verweis auf Insider, dass die <b>Namensgebung der Software ge\u00e4ndert<\/b> wird. Zuletzt wurden die Programme chronologisch benannt &#8211; als N\u00e4chstes st\u00fcnde also iOS18 als Betriebssystem f\u00fcr das iPhone an. <b>Doch das neue iOS soll den Zusatz &#8222;26&#8220; tragen, das f\u00fcr das kommende Jahr steht.<\/b> Damit, so schreibt &#8222;Bloomberg&#8220;, soll f\u00fcr mehr Einheitlichkeit und weniger Verwirrung gesorgt werden. Genauso soll es demnach dann watchOS26 und macOS26 f\u00fcr die smarte Uhr sowie die Computer geben.<\/p>\n","protected":false},"excerpt":{"rendered":"Der Tag Apple \u00e4ndert offenbar Namen seiner Betriebssysteme 30.05.2025, 13:16 Uhr Am 9. Juni stellt Apple auf seiner&hellip;\n","protected":false},"author":2,"featured_media":151487,"comment_status":"","ping_status":"","sticky":false,"template":"","format":"standard","meta":{"footnotes":""},"categories":[135],"tags":[231,42123,282,29,30,1787,190,189,1781,194,191,193,192],"class_list":{"0":"post-151486","1":"post","2":"type-post","3":"status-publish","4":"format-standard","5":"has-post-thumbnail","7":"category-wissenschaft-technik","8":"tag-apple","9":"tag-betriebssysteme","10":"tag-der","11":"tag-deutschland","12":"tag-germany","13":"tag-namen","14":"tag-science","15":"tag-science-technology","16":"tag-tag","17":"tag-technik","18":"tag-technology","19":"tag-wissenschaft","20":"tag-wissenschaft-technik"},"share_on_mastodon":{"url":"https:\/\/pubeurope.com\/@de\/114596783285043808","error":""},"_links":{"self":[{"href":"https:\/\/www.europesays.com\/de\/wp-json\/wp\/v2\/posts\/151486","targetHints":{"allow":["GET"]}}],"collection":[{"href":"https:\/\/www.europesays.com\/de\/wp-json\/wp\/v2\/posts"}],"about":[{"href":"https:\/\/www.europesays.com\/de\/wp-json\/wp\/v2\/types\/post"}],"author":[{"embeddable":true,"href":"https:\/\/www.europesays.com\/de\/wp-json\/wp\/v2\/users\/2"}],"replies":[{"embeddable":true,"href":"https:\/\/www.europesays.com\/de\/wp-json\/wp\/v2\/comments?post=151486"}],"version-history":[{"count":0,"href":"https:\/\/www.europesays.com\/de\/wp-json\/wp\/v2\/posts\/151486\/revisions"}],"wp:featuredmedia":[{"embeddable":true,"href":"https:\/\/www.europesays.com\/de\/wp-json\/wp\/v2\/media\/151487"}],"wp:attachment":[{"href":"https:\/\/www.europesays.com\/de\/wp-json\/wp\/v2\/media?parent=151486"}],"wp:term":[{"taxonomy":"category","embeddable":true,"href":"https:\/\/www.europesays.com\/de\/wp-json\/wp\/v2\/categories?post=151486"},{"taxonomy":"post_tag","embeddable":true,"href":"https:\/\/www.europesays.com\/de\/wp-json\/wp\/v2\/tags?post=151486"}],"curies":[{"name":"wp","href":"https:\/\/api.w.org\/{rel}","templated":true}]}}