{"id":151492,"date":"2025-05-30T12:30:20","date_gmt":"2025-05-30T12:30:20","guid":{"rendered":"https:\/\/www.europesays.com\/de\/151492\/"},"modified":"2025-05-30T12:30:20","modified_gmt":"2025-05-30T12:30:20","slug":"gefahr-fuer-orientierungssuchende-vandalismus-in-berghuetten-nimmt-zu","status":"publish","type":"post","link":"https:\/\/www.europesays.com\/de\/151492\/","title":{"rendered":"Gefahr f\u00fcr Orientierungssuchende: Vandalismus in Bergh\u00fctten nimmt zu"},"content":{"rendered":"<p>                    Gefahr f\u00fcr Orientierungssuchende<br \/>\n                Vandalismus in Bergh\u00fctten nimmt zu<\/p>\n<p>\t\t\t\t              30.05.2025, 11:37 Uhr<\/p>\n<p>\t\t\t\t\t       Artikel anh\u00f6ren<\/p>\n<p>\t\t\t\t\t\t\tDiese Audioversion wurde k\u00fcnstlich generiert. <a href=\"https:\/\/www.n-tv.de\/23249898\" target=\"_blank\" rel=\"noopener\">Mehr Infos<\/a><\/p>\n<p><strong>Winterr\u00e4ume von Bergh\u00fctten machen viele Bergtouren erst m\u00f6glich und sichern im schlimmsten Fall das \u00dcberleben im Gebirge. Manche missbrauchen sie aber zunehmend als Partyort. Mit \u00fcblen Folgen.<\/strong><\/p>\n<p>Die H\u00fcttensaison in den Alpen startet &#8211; und an mancher H\u00fctte bietet sich ein Anblick der Verw\u00fcstung. Der Winterraum verm\u00fcllt, die M\u00f6bel teils als Feuerholz verbrannt, die Scheiben eingeschlagen, dazu Schnapsflaschen und menschliche Hinterlassenschaften: Vandalismus in den Bergen nimmt zu, wie der Deutsche Alpenverein (DAV) feststellt. <\/p>\n<p>Besonders stark treffe es die von au\u00dfen zug\u00e4nglichen Winterr\u00e4ume der bei Eis und Schnee zumeist geschlossenen H\u00fctten, berichtet Vereinssprecher Julian Rohn. Sie sollen eigentlich Bergsportlerinnen und Bergsportlern auf oft anspruchsvollen Winterbegehungen eine sichere \u00dcbernachtungsm\u00f6glichkeit bieten. Doch mancherorts wurden sie offenbar als Partylocation entdeckt.<\/p>\n<p>Menschliche Hinterlassenschaften  <a href=\"https:\/\/www.europesays.com\/de\/wp-content\/uploads\/2025\/05\/ff1f8fb5a61c0de9185988961241f029.jpg\">     <img decoding=\"async\" alt=\"ff1f8fb5a61c0de9185988961241f029.jpg\" src=\"https:\/\/www.europesays.com\/de\/wp-content\/uploads\/2025\/05\/ff1f8fb5a61c0de9185988961241f029.jpg\" class=\"lazyload\"\/>  <\/a>   <\/p>\n<p class=\"article__aside__copy\">(Foto: dpa)<\/p>\n<p>Besonders schlimm traf es in dieser Saison die Alpenvereinssektion M\u00fcnchen-Oberland, die gerade Anzeige gegen unbekannt erstattet hat. Der Grund: Der Notraum an der Knorrh\u00fctte im Wetterstein wurde v\u00f6llig verw\u00fcstet. &#8222;Das waren wirklich schreckliche Zust\u00e4nde, das hat dem Fass den Boden ausgeschlagen&#8220;, schildert Pressereferent Markus Block. &#8222;Da war massenweise M\u00fcll, Alkoholflaschen, vier Zelte, Schlafs\u00e4cke, rund um die H\u00fctte haben die Leute ihre Notdurft verrichtet &#8211; da sieht es aus! Und als ob das nicht reicht, hat jemand den Ofen rausgerissen und vor die H\u00fctte gestellt. Zweimal wurde sogar in die H\u00fctte eingebrochen!&#8220;<\/p>\n<p>&#8222;In den Winterr\u00e4umen stehen oft Kassen, in die man die \u00dcbernachtungsgeb\u00fchr reinwirft, die wurden auch schon \u00f6fter aufgebrochen&#8220;, erg\u00e4nzt Rohn. &#8222;Weiterer Vandalismus ist das Bekleben von Gipfelkreuzen und vor allem auch Wegweisern mit s\u00e4mtlichen Aufklebern, die man sich so vorstellen kann.&#8220; Was zun\u00e4chst harmlos klingt, kann f\u00fcr Orientierungslose oder Ersch\u00f6pfte zur echten Gefahr werden, weshalb Ehrenamtliche des DAV die Schilder wieder freikratzen. <\/p>\n<p>Grunds\u00e4tzlich zieht Vandalismus am Berg oft einen enormen Aufwand und hohe Kosten nach sich, die dann meist von der Gemeinschaft der DAV-Mitglieder getragen werden m\u00fcssen. Wird etwa eine T\u00fcr aufgebrochen, muss die Ersatzt\u00fcr mit dem Helikopter hochgeflogen werden. Wird ein Fenster aufgeschlagen und Schnee weht in die H\u00fctte, entsteht dort ein Wasserschaden.<\/p>\n","protected":false},"excerpt":{"rendered":"Gefahr f\u00fcr Orientierungssuchende Vandalismus in Bergh\u00fctten nimmt zu 30.05.2025, 11:37 Uhr Artikel anh\u00f6ren Diese Audioversion wurde k\u00fcnstlich generiert.&hellip;\n","protected":false},"author":2,"featured_media":151493,"comment_status":"","ping_status":"","sticky":false,"template":"","format":"standard","meta":{"footnotes":""},"categories":[2],"tags":[7887,29,30,13,984,14,15,21884,12,10,8,9,11],"class_list":{"0":"post-151492","1":"post","2":"type-post","3":"status-publish","4":"format-standard","5":"has-post-thumbnail","7":"category-deutschland","8":"tag-alpen","9":"tag-deutschland","10":"tag-germany","11":"tag-headlines","12":"tag-international","13":"tag-nachrichten","14":"tag-news","15":"tag-rettungskraefte","16":"tag-schlagzeilen","17":"tag-top-news","18":"tag-top-meldungen","19":"tag-topmeldungen","20":"tag-topnews"},"share_on_mastodon":{"url":"https:\/\/pubeurope.com\/@de\/114596795169104155","error":""},"_links":{"self":[{"href":"https:\/\/www.europesays.com\/de\/wp-json\/wp\/v2\/posts\/151492","targetHints":{"allow":["GET"]}}],"collection":[{"href":"https:\/\/www.europesays.com\/de\/wp-json\/wp\/v2\/posts"}],"about":[{"href":"https:\/\/www.europesays.com\/de\/wp-json\/wp\/v2\/types\/post"}],"author":[{"embeddable":true,"href":"https:\/\/www.europesays.com\/de\/wp-json\/wp\/v2\/users\/2"}],"replies":[{"embeddable":true,"href":"https:\/\/www.europesays.com\/de\/wp-json\/wp\/v2\/comments?post=151492"}],"version-history":[{"count":0,"href":"https:\/\/www.europesays.com\/de\/wp-json\/wp\/v2\/posts\/151492\/revisions"}],"wp:featuredmedia":[{"embeddable":true,"href":"https:\/\/www.europesays.com\/de\/wp-json\/wp\/v2\/media\/151493"}],"wp:attachment":[{"href":"https:\/\/www.europesays.com\/de\/wp-json\/wp\/v2\/media?parent=151492"}],"wp:term":[{"taxonomy":"category","embeddable":true,"href":"https:\/\/www.europesays.com\/de\/wp-json\/wp\/v2\/categories?post=151492"},{"taxonomy":"post_tag","embeddable":true,"href":"https:\/\/www.europesays.com\/de\/wp-json\/wp\/v2\/tags?post=151492"}],"curies":[{"name":"wp","href":"https:\/\/api.w.org\/{rel}","templated":true}]}}