{"id":151529,"date":"2025-05-30T12:49:12","date_gmt":"2025-05-30T12:49:12","guid":{"rendered":"https:\/\/www.europesays.com\/de\/151529\/"},"modified":"2025-05-30T12:49:12","modified_gmt":"2025-05-30T12:49:12","slug":"musikalisches-geburtstagsgeschenk-fuer-lutz-werner-hesse-zum-70","status":"publish","type":"post","link":"https:\/\/www.europesays.com\/de\/151529\/","title":{"rendered":"Musikalisches Geburtstagsgeschenk f\u00fcr Lutz-Werner Hesse zum 70."},"content":{"rendered":"<p class=\"text_ohne_einzug richtext text-em-55 !leading-serif mx-6 desktop:mx-0\">Im Konzertsaal der Hochschule f\u00fcr Musik und Tanz (HfMT) am Standort Wuppertal finden regelm\u00e4\u00dfig h\u00f6renswerte Konzerte statt. Allein im Monat Mai sind es fast 20 Konzerte, die Besucher hier kostenlos genie\u00dfen k\u00f6nnen. Das Kammerkonzert war jetzt ein ganz besonderes, denn es wurde von Hochschullehrern der HfMT f\u00fcr ihren fr\u00fcheren Direktor Lutz-Werner Hesse ausgef\u00fchrt. Als musikalisches Geschenk zu seinem 70. Geburtstag veranstalteten sie zusammen mit f\u00fcnf Studenten ein hochkar\u00e4tiges Konzert mit Werken von Edward Elgar, Gustav Mahler und Lutz-Werner Hesse.<\/p>\n","protected":false},"excerpt":{"rendered":"Im Konzertsaal der Hochschule f\u00fcr Musik und Tanz (HfMT) am Standort Wuppertal finden regelm\u00e4\u00dfig h\u00f6renswerte Konzerte statt. Allein&hellip;\n","protected":false},"author":2,"featured_media":151530,"comment_status":"","ping_status":"","sticky":false,"template":"","format":"standard","meta":{"footnotes":""},"categories":[1840],"tags":[3802,3364,29,31436,53846,30,31435,11674,8255,53847,1310,2315,31433,810,9803,24265,1209,11671,4418],"class_list":{"0":"post-151529","1":"post","2":"type-post","3":"status-publish","4":"format-standard","5":"has-post-thumbnail","7":"category-wuppertal","8":"tag-studenten","9":"tag-de","10":"tag-deutschland","11":"tag-direktor","12":"tag-direktoriumsmitglieds","13":"tag-germany","14":"tag-hfmt","15":"tag-kammerkonzert","16":"tag-klavier","17":"tag-klavierquintett","18":"tag-konzert","19":"tag-konzerte","20":"tag-lutz-werner-hesse","21":"tag-musik","22":"tag-musikalische","23":"tag-musikalischen","24":"tag-nordrhein-westfalen","25":"tag-violine","26":"tag-wuppertal"},"share_on_mastodon":{"url":"https:\/\/pubeurope.com\/@de\/114596869911802983","error":""},"_links":{"self":[{"href":"https:\/\/www.europesays.com\/de\/wp-json\/wp\/v2\/posts\/151529","targetHints":{"allow":["GET"]}}],"collection":[{"href":"https:\/\/www.europesays.com\/de\/wp-json\/wp\/v2\/posts"}],"about":[{"href":"https:\/\/www.europesays.com\/de\/wp-json\/wp\/v2\/types\/post"}],"author":[{"embeddable":true,"href":"https:\/\/www.europesays.com\/de\/wp-json\/wp\/v2\/users\/2"}],"replies":[{"embeddable":true,"href":"https:\/\/www.europesays.com\/de\/wp-json\/wp\/v2\/comments?post=151529"}],"version-history":[{"count":0,"href":"https:\/\/www.europesays.com\/de\/wp-json\/wp\/v2\/posts\/151529\/revisions"}],"wp:featuredmedia":[{"embeddable":true,"href":"https:\/\/www.europesays.com\/de\/wp-json\/wp\/v2\/media\/151530"}],"wp:attachment":[{"href":"https:\/\/www.europesays.com\/de\/wp-json\/wp\/v2\/media?parent=151529"}],"wp:term":[{"taxonomy":"category","embeddable":true,"href":"https:\/\/www.europesays.com\/de\/wp-json\/wp\/v2\/categories?post=151529"},{"taxonomy":"post_tag","embeddable":true,"href":"https:\/\/www.europesays.com\/de\/wp-json\/wp\/v2\/tags?post=151529"}],"curies":[{"name":"wp","href":"https:\/\/api.w.org\/{rel}","templated":true}]}}