{"id":151538,"date":"2025-05-30T12:54:13","date_gmt":"2025-05-30T12:54:13","guid":{"rendered":"https:\/\/www.europesays.com\/de\/151538\/"},"modified":"2025-05-30T12:54:13","modified_gmt":"2025-05-30T12:54:13","slug":"trump-ministerin-noem-teilt-schwere-vorwuerfe-gegen-migranten","status":"publish","type":"post","link":"https:\/\/www.europesays.com\/de\/151538\/","title":{"rendered":"Trump-Ministerin Noem teilt schwere Vorw\u00fcrfe gegen Migranten"},"content":{"rendered":"<p>Trump-Ministerin teilte Vorw\u00fcrfe <\/p>\n<p>Migrant mit Anschlagspl\u00e4nen? Beh\u00f6rden glauben das nicht<\/p>\n<p>30.05.2025 &#8211; 14:46 UhrLesedauer: 2 Min.<\/p>\n<p><a href=\"#focus-0\" class=\"transition-colors duration-200 focus-within:text-magenta block text-current relative\" data-sctrack=\"FocusGalleryImage.Reference\"><img fetchpriority=\"high\" data-testid=\"Opener.Image\" style=\"--lqipURL:url('https:\/\/images.t-online.de\/2024\/11\/0WvmQjIztprb\/0x125:2048x1152\/fit-in\/150x0\/filters:blur(25)\/kristi-noem-soll-heimatschutzministerin-werden-archivbild.jpg')\"   loading=\"eager\" src=\"https:\/\/www.europesays.com\/de\/wp-content\/uploads\/2025\/05\/kristi-noem-soll-heimatschutzministerin-werden-archivbild.jpg\" alt=\"Kristi Noem und Donald Trump\" title=\"Kristi Noem und Donald Trump\" width=\"2048\" height=\"1152\" class=\"bg-[url:var(--lqipURL)] bg-cover bg-center flex w-full max-w-full h-full\" decoding=\"async\"\/><img style=\"--width:32;--height:32\" loading=\"lazy\" src=\"https:\/\/www.europesays.com\/de\/wp-content\/uploads\/2025\/05\/zoom-in.f7dae02f.svg.svg+xml\" alt=\"Vergr\u00f6\u00dfern des Bildes\" title=\"Vergr\u00f6\u00dfern des Bildes\" class=\"&#10;        block&#10;        h-[calc(var(--height)_\/_16_*_1rem)]&#10;        w-[calc(var(--width)_\/_16_*_1rem)]&#10;        max-w-none&#10;        absolute bottom-8 right-8 rounded-4 bg-snow p-8\" decoding=\"async\"\/><\/a><\/p>\n<p>Kristi Noem und Donald Trump (Archivbild): Die Ministerin hat ein Foto eines Mannes geteilt, doch dieser k\u00f6nnte unschuldig sein. (Quelle: Susan Walsh\/AP\/dpa\/dpa-bilder)<\/p>\n<p class=\"font-bold text-18 leading-17\">US-Heimatschutzministerin Noem hat Vorw\u00fcrfe gegen einen Migranten geteilt. Nun stellt sich heraus: Die Ermittler glauben offenbar, der Mann ist seinerseits Opfer einer \u00fcblen Masche gewesen.<\/p>\n<p class=\"text-18 leading-17\">US-Heimatschutzminister Kristi Noem hat am Mittwoch einen schweren Vorwurf erhoben: Ein illegal in die <a class=\"transition-colors duration-200 cursor-pointer text-inherit no-underline text-salemsfur md:hover:text-magenta md:hover:border-magenta md:focus:text-magenta border-current border-b border-solid break-words\" href=\"https:\/\/www.t-online.de\/themen\/usa\/\" data-sctrack=\"BodyAnchor\" target=\"_blank\" rel=\"noopener\">USA<\/a> eingereister Migrant soll in einem Brief damit gedroht haben, Pr\u00e4sident <a class=\"transition-colors duration-200 cursor-pointer text-inherit no-underline text-salemsfur md:hover:text-magenta md:hover:border-magenta md:focus:text-magenta border-current border-b border-solid break-words\" href=\"https:\/\/www.t-online.de\/themen\/donald-trump\/\" data-sctrack=\"BodyAnchor\" target=\"_blank\" rel=\"noopener\">Donald Trump<\/a> zu t\u00f6ten. Danach wolle er sich &#8222;selbst deportieren&#8220;.<\/p>\n<p class=\"text-18 leading-17\">&#8222;Dank unserer ICE-Beamten sitzt dieser illegale Ausl\u00e4nder, der gedroht hat, Pr\u00e4sident Trump zu ermorden, hinter Gittern&#8220;, schrieb Noem auf X und f\u00fcgte ein Bild des Briefes und des verhafteten Mannes hinzu. Das Ministerium verschickte auch eine entsprechende Pressemitteilung. Die Nachricht machte schnell die Runde und wurde von Trump-Anh\u00e4ngern genutzt, um auf die Notwendigkeit von strengeren Migrationsgesetzen hinzuweisen.<\/p>\n<p class=\"text-18 leading-17\">Doch nun wird klar: Die mit dem Fall betrauten Ermittler gehen offenbar davon aus, dass der beschuldigte Mann Opfer einer Falle war. Das berichtet der Sender <a class=\"transition-colors duration-200 cursor-pointer text-inherit no-underline text-salemsfur md:hover:text-magenta md:hover:border-magenta md:focus:text-magenta border-current border-b border-solid break-words\" href=\"https:\/\/www.t-online.de\/themen\/cnn\/\" data-sctrack=\"BodyAnchor\" target=\"_blank\" rel=\"noopener\">CNN<\/a>.<\/p>\n<p class=\"text-18 leading-17\">Demnach gehen die Strafverfolgungsbeh\u00f6rden davon aus, dass der betroffene Mann, der 54-j\u00e4hrige Ramon M. R., den entsprechenden Brief nicht selbst geschrieben oder abgeschickt haben soll.<\/p>\n<p class=\"text-18 leading-17\">Der Brief war an ein B\u00fcro der Einwanderungs- und Zollbeh\u00f6rde versandt worden. In dem Schreiben hei\u00dft es: &#8222;Wir sind es leid, wie der Pr\u00e4sident mit uns Mexikanern umgeht&#8220; und &#8222;Ich glaube, es ist an der Zeit, dass Donald J. Trump bekommt, was er verdient hat.&#8220;<\/p>\n<p class=\"text-18 leading-17\">Die Ermittler vermuten, wie CNN unter Berufung auf Kreise weiter berichtet, dass Ramon M. R. wohl als potenzieller Attent\u00e4ter dargestellt worden sei. Hintergrund ist die anstehende Gerichtsverhandlung eines anderen Mannes. Dieses ist wegen Raub und K\u00f6rperverletzung angeklagt. Einer der Gesch\u00e4digten in diesem Prozess ist Ramon M. R. Laut dem Bericht gehen die Ermittler davon aus, dass dieser andere Mann Ramon M. R. durch den Brief in Schwierigkeiten bringen, ihn an einer Aussage hindern und seine Ausweisung veranlassen wollte.<\/p>\n<p class=\"text-18 leading-17\">Ein hochrangiger Beamter der Strafverfolgungsbeh\u00f6rden, der \u00fcber den Fall informiert ist, sagte CNN demnach, dass die Ermittler den Brief nach einer Schriftprobe nicht Ramon M. R. zuschreiben. Eine Quelle sagte zudem, dass die Strafverfolgungsbeh\u00f6rden die Anrufe einer Person \u00fcberpr\u00fcft h\u00e4tten, von der sie glauben, dass sie eine Rolle beim Verfassen der Briefe gespielt hat.<\/p>\n<p class=\"text-18 leading-17\">Das Milwaukee Police Department teilte am Donnerstag mit, dass es &#8222;einen Identit\u00e4tsdiebstahl und eine Einsch\u00fcchterung von Opfern im Zusammenhang mit diesem Vorfall untersucht&#8220;, konnte aber keine Einzelheiten nennen, da die Ermittlungen noch andauern und &#8222;zu diesem Zeitpunkt niemand strafrechtlich angeklagt wurde.&#8220; Jeffrey J. Altenburg, leitender stellvertretender Bezirksstaatsanwalt der Bezirksstaatsanwaltschaft Milwaukee, sagte in einer E-Mail, dass die Angelegenheit noch untersucht werde.<\/p>\n","protected":false},"excerpt":{"rendered":"Trump-Ministerin teilte Vorw\u00fcrfe Migrant mit Anschlagspl\u00e4nen? Beh\u00f6rden glauben das nicht 30.05.2025 &#8211; 14:46 UhrLesedauer: 2 Min. Kristi Noem&hellip;\n","protected":false},"author":2,"featured_media":151539,"comment_status":"","ping_status":"","sticky":false,"template":"","format":"standard","meta":{"footnotes":""},"categories":[3977],"tags":[326,331,332,34888,7373,106,13,20044,14,15,12,4017,4018,4016,64,4019,4020],"class_list":{"0":"post-151538","1":"post","2":"type-post","3":"status-publish","4":"format-standard","5":"has-post-thumbnail","7":"category-usa","8":"tag-326","9":"tag-aktuelle-nachrichten","10":"tag-aktuelle-news","11":"tag-anschlagsplan","12":"tag-cnn","13":"tag-donald-trump","14":"tag-headlines","15":"tag-kristi-noem","16":"tag-nachrichten","17":"tag-news","18":"tag-schlagzeilen","19":"tag-united-states","20":"tag-united-states-of-america","21":"tag-us","22":"tag-usa","23":"tag-vereinigte-staaten","24":"tag-vereinigte-staaten-von-amerika"},"share_on_mastodon":{"url":"https:\/\/pubeurope.com\/@de\/114596889726351172","error":""},"_links":{"self":[{"href":"https:\/\/www.europesays.com\/de\/wp-json\/wp\/v2\/posts\/151538","targetHints":{"allow":["GET"]}}],"collection":[{"href":"https:\/\/www.europesays.com\/de\/wp-json\/wp\/v2\/posts"}],"about":[{"href":"https:\/\/www.europesays.com\/de\/wp-json\/wp\/v2\/types\/post"}],"author":[{"embeddable":true,"href":"https:\/\/www.europesays.com\/de\/wp-json\/wp\/v2\/users\/2"}],"replies":[{"embeddable":true,"href":"https:\/\/www.europesays.com\/de\/wp-json\/wp\/v2\/comments?post=151538"}],"version-history":[{"count":0,"href":"https:\/\/www.europesays.com\/de\/wp-json\/wp\/v2\/posts\/151538\/revisions"}],"wp:featuredmedia":[{"embeddable":true,"href":"https:\/\/www.europesays.com\/de\/wp-json\/wp\/v2\/media\/151539"}],"wp:attachment":[{"href":"https:\/\/www.europesays.com\/de\/wp-json\/wp\/v2\/media?parent=151538"}],"wp:term":[{"taxonomy":"category","embeddable":true,"href":"https:\/\/www.europesays.com\/de\/wp-json\/wp\/v2\/categories?post=151538"},{"taxonomy":"post_tag","embeddable":true,"href":"https:\/\/www.europesays.com\/de\/wp-json\/wp\/v2\/tags?post=151538"}],"curies":[{"name":"wp","href":"https:\/\/api.w.org\/{rel}","templated":true}]}}