{"id":151542,"date":"2025-05-30T12:56:09","date_gmt":"2025-05-30T12:56:09","guid":{"rendered":"https:\/\/www.europesays.com\/de\/151542\/"},"modified":"2025-05-30T12:56:09","modified_gmt":"2025-05-30T12:56:09","slug":"135-euro-bussgeld-frankreich-verbietet-rauchen-im-freien-leben-wissen","status":"publish","type":"post","link":"https:\/\/www.europesays.com\/de\/151542\/","title":{"rendered":"135 Euro Bu\u00dfgeld: Frankreich verbietet Rauchen im Freien | Leben &#038; Wissen"},"content":{"rendered":"<p> An dieser Stelle findest du den Text-to-Speech Player<\/p>\n<p> Um den TTS Player darzustellen, brauchen wir deine Zustimmung. <\/p>\n<p> externen Inhalt aktivieren  Um eingebettete Inhalte anzuzeigen, ist Ihre jederzeit widerrufliche Einwilligung (\u00fcber den Schalter oder \u00fcber &#8220; <a class=\"embed-placeholder__text-link\" href=\"#\" rel=\"noopener noreferrer\" title=\"Tracking widerrufen\"> Widerruf Tracking und Cookies<\/a> &#8220; am Seitenende) zur Verarbeitung personenbezogener Daten n\u00f6tig.  Dabei k\u00f6nnen Daten in Drittl\u00e4nder wie die USA \u00fcbermittelt werden (Art. 49 Abs. 1 lit. a DSGVO). Mit dem Aktivieren des Inhalts stimmen Sie zu. Weitere Infos finden Sie <a class=\"embed-placeholder__text-link\" href=\"#\" rel=\"noopener noreferrer\" title=\"Zu den Privatsph\u00e4re Einstellungen\"> hier<\/a>. <\/p>\n<p><b>Es ist eine Initiative, die vor allem Kinder sch\u00fctzen soll. Frankreich verbietet k\u00fcnftig das Rauchen am Strand, in Parks, G\u00e4rten, an Schulen, Bushaltestellen oder Sportst\u00e4tten. <\/b><\/p>\n<p>Das Verbot soll ab 1. Juli gelten.  Das Rauchverbot werde dort per Verordnung durchgesetzt, um Kinder zu sch\u00fctzen und auch die Zahl der Raucher zu senken. Das k\u00fcndigte Gesundheitsministerin Catherine Vautrin im Interview mit der Zeitung \u201eOuest France\u201c an. <\/p>\n<p>\u25b6\ufe0e Wer gegen das neue<a href=\"https:\/\/www.bild.de\/politik\/eu-plant-rauchverbot-fast-ueberall-im-freien-tabakverband-es-reicht-67419f3d46eff3526caf62c0\" class=\"text-link\" rel=\"nofollow noopener\" target=\"_blank\"> Rauchverbot <\/a>verst\u00f6\u00dft, muss 135 Euro Strafe zahlen. \u00dcberwacht werden soll die Regelung von der Gemeindepolizei.<\/p>\n<p>\u201eMein Ziel ist einfach und gleichzeitig \u00e4u\u00dferst ehrgeizig: Wir wollen daf\u00fcr sorgen, dass die <a href=\"https:\/\/www.bild.de\/ratgeber\/kind-familie\/kind-und-familie\/home-15721934.bild.html\" class=\"text-link\" rel=\"nofollow noopener\" target=\"_blank\">Kinder<\/a>, die 2025 geboren werden, die erste rauchfreie Generation sind\u201c, sagte die Ministerin. Das sei der Sinn der neuen Rauchverbote, die zahlreiche Kommunen bereits fr\u00fcher in eigener Regie erlassen h\u00e4tten und die nun landesweit g\u00e4lten. Ausgenommen von dem Verbot seien die Au\u00dfenbereiche von Caf\u00e9s sowie <a href=\"https:\/\/www.bild.de\/leben-wissen\/medizin\/e-zigaretten-schlimmer-als-rauchen-demenz-herzkrankheiten-67bdc06d556f52798cc424c1\" class=\"text-link\" rel=\"nofollow noopener\" target=\"_blank\">E-Zigaretten<\/a>.<\/p>\n<p>Lesen Sie auchJ\u00e4hrlich 75.000 Tote durch Rauchen<\/p>\n<p>Wie gro\u00df der Bereich rund um <a href=\"https:\/\/www.bild.de\/themen\/organisationen\/schule\/politik-nachrichten-news-fotos-videos-40045138.bild.html\" class=\"text-link\" rel=\"nofollow noopener\" target=\"_blank\">Schulen<\/a> sei, in dem k\u00fcnftig nicht mehr geraucht werden d\u00fcrfte, werde gerade noch bestimmt, sagte die Ministerin. Die Regelung solle auch verhindern, dass Sch\u00fcler zum Rauchen vor das Geb\u00e4ude gingen.<\/p>\n<p>\u201eJedes Jahr ist einer von 10 Todesf\u00e4llen auf das <a href=\"https:\/\/www.bild.de\/leben-wissen\/rauchen-studie-zeigt-dass-jede-zigarette-die-lebenszeit-verkuerzt-677261ebc059a70650637934\" class=\"text-link\" rel=\"nofollow noopener\" target=\"_blank\">Rauchen<\/a> zur\u00fcckzuf\u00fchren\u201c, betont die Ministerin. Rauchen t\u00f6te j\u00e4hrlich 75.000 Menschen in Frankreich, was mehr als 200 Todesf\u00e4llen pro Tag entspreche. \u201eEs ist die h\u00e4ufigste vermeidbare Todesursache.\u201c Au\u00dferdem verursache <a href=\"https:\/\/www.bild.de\/themen\/specials\/lungenkrebs\/gesundheit-nachrichten-news-fotos-videos-15883946.bild.html\" class=\"text-link\" rel=\"nofollow noopener\" target=\"_blank\">Lungenkrebs <\/a>schreckliches Leid, und Krebserkrankungen kosteten Frankreich 150 Milliarden Euro pro Jahr.<\/p>\n<p>Pr\u00e4vention verringert Risiko<\/p>\n<p>Die Freiheit der Menschen in <a href=\"https:\/\/www.bild.de\/news\/ausland\/frankreich\/thema-frankreich-alle-infos-80021272.bild.html\" class=\"text-link\" rel=\"nofollow noopener\" target=\"_blank\">Frankreich<\/a>, zur Zigarette zu greifen, w\u00fcrde durch die neuen Verbote nicht beschnitten, sagte Vautrin. \u201eSie d\u00fcrfen zu Hause und in den erlaubten Bereichen rauchen. Die Freiheit zu rauchen endet dort, wo das Recht der Kinder auf saubere Luft beginnt.\u201c <\/p>\n<p>Sie k\u00f6nne vermeidbare <a href=\"https:\/\/www.bild.de\/themen\/themen-uebersicht\/krankheiten\/krankheiten-symptome-ursachen-therapie-36044510.bild.html\" class=\"text-link\" rel=\"nofollow noopener\" target=\"_blank\">Krankheiten<\/a> nicht akzeptieren. Es sei erwiesen, dass Pr\u00e4vention das Risiko verringere. 2023 h\u00e4tten 15,6 Prozent der 17-J\u00e4hrigen angegeben zu rauchen, 10 Jahre zuvor seien das noch doppelt so viel gewesen.<\/p>\n<p>Endlich Nichtraucher mithilfe von BILD und Jan Becker<\/p>\n<p><b>Sie wollen auch endlich mit dem Rauchen aufh\u00f6ren? Dann nutzen Sie Ihre Chance \u2013 mit der <\/b><a href=\"https:\/\/www.bild.de\/nichtraucher-hZZiK1wsTDNjrKfojjRW\" class=\"text-link\" rel=\"nofollow noopener\" target=\"_blank\"><b>BILD-Rauchfrei-Aktion<\/b><\/a><b> und der Hypnose von Jan Becker!<\/b><\/p>\n<p>+++ Neben einem BILDplus-Abo ben\u00f6tigen Sie f\u00fcr die Aktion das BILD-Rauchfrei-Ticket. Als Neukunde kostet das BILDplus-Abo nur 1,99 Euro (monatlich k\u00fcndbar), das BILD-Rauchfrei-Ticket gibt es f\u00fcr 6 Euro \u2013 also einiges weniger als eine Schachtel Zigaretten inzwischen kostet. HIER f\u00fcr die gro\u00dfe Nichtraucher-Aktion anmelden! +++<\/p>\n","protected":false},"excerpt":{"rendered":"An dieser Stelle findest du den Text-to-Speech Player Um den TTS Player darzustellen, brauchen wir deine Zustimmung. externen&hellip;\n","protected":false},"author":2,"featured_media":151543,"comment_status":"","ping_status":"","sticky":false,"template":"","format":"standard","meta":{"footnotes":""},"categories":[3974],"tags":[331,332,548,663,3934,3980,156,13,27137,1114,53850,14,15,53849,14343,12,966,45,38365,25600],"class_list":{"0":"post-151542","1":"post","2":"type-post","3":"status-publish","4":"format-standard","5":"has-post-thumbnail","7":"category-frankreich","8":"tag-aktuelle-nachrichten","9":"tag-aktuelle-news","10":"tag-eu","11":"tag-europa","12":"tag-europe","13":"tag-france","14":"tag-frankreich","15":"tag-headlines","16":"tag-hypnose","17":"tag-kinder","18":"tag-lungenkrebs","19":"tag-nachrichten","20":"tag-news","21":"tag-nichtraucher","22":"tag-rauchen","23":"tag-schlagzeilen","24":"tag-schule","25":"tag-texttospeech","26":"tag-weltnichtrauchertag","27":"tag-zigarette"},"share_on_mastodon":{"url":"https:\/\/pubeurope.com\/@de\/114596897369723836","error":""},"_links":{"self":[{"href":"https:\/\/www.europesays.com\/de\/wp-json\/wp\/v2\/posts\/151542","targetHints":{"allow":["GET"]}}],"collection":[{"href":"https:\/\/www.europesays.com\/de\/wp-json\/wp\/v2\/posts"}],"about":[{"href":"https:\/\/www.europesays.com\/de\/wp-json\/wp\/v2\/types\/post"}],"author":[{"embeddable":true,"href":"https:\/\/www.europesays.com\/de\/wp-json\/wp\/v2\/users\/2"}],"replies":[{"embeddable":true,"href":"https:\/\/www.europesays.com\/de\/wp-json\/wp\/v2\/comments?post=151542"}],"version-history":[{"count":0,"href":"https:\/\/www.europesays.com\/de\/wp-json\/wp\/v2\/posts\/151542\/revisions"}],"wp:featuredmedia":[{"embeddable":true,"href":"https:\/\/www.europesays.com\/de\/wp-json\/wp\/v2\/media\/151543"}],"wp:attachment":[{"href":"https:\/\/www.europesays.com\/de\/wp-json\/wp\/v2\/media?parent=151542"}],"wp:term":[{"taxonomy":"category","embeddable":true,"href":"https:\/\/www.europesays.com\/de\/wp-json\/wp\/v2\/categories?post=151542"},{"taxonomy":"post_tag","embeddable":true,"href":"https:\/\/www.europesays.com\/de\/wp-json\/wp\/v2\/tags?post=151542"}],"curies":[{"name":"wp","href":"https:\/\/api.w.org\/{rel}","templated":true}]}}