{"id":151566,"date":"2025-05-30T13:08:12","date_gmt":"2025-05-30T13:08:12","guid":{"rendered":"https:\/\/www.europesays.com\/de\/151566\/"},"modified":"2025-05-30T13:08:12","modified_gmt":"2025-05-30T13:08:12","slug":"hannover-mutmasslicher-ahlem-schaender-war-afd-mitglied","status":"publish","type":"post","link":"https:\/\/www.europesays.com\/de\/151566\/","title":{"rendered":"Hannover: Mutma\u00dflicher Ahlem-Sch\u00e4nder war AfD-Mitglied"},"content":{"rendered":"<p>Vandalismus an NS-Gedenkst\u00e4tte <\/p>\n<p>Mutma\u00dflicher T\u00e4ter war AfD-Mitglied \u2013 Partei habe nichts gewusst<\/p>\n<p>30.05.2025 &#8211; 15:04 UhrLesedauer: 2 Min.<\/p>\n<p><a href=\"#focus-0\" class=\"transition-colors duration-200 focus-within:text-magenta block text-current relative\" data-sctrack=\"FocusGalleryImage.Reference\"><img fetchpriority=\"high\" data-testid=\"Opener.Image\" style=\"--lqipURL:url('https:\/\/images.t-online.de\/2025\/05\/BqSGdk2M1Vh4\/0x64:800x450\/fit-in\/150x0\/filters:blur(25)\/die-gedenkstaette-ahlem-in-hannover-archivbild-ende-januar-wurden-dort-blumenkraenze-zerstoert-nun-sind-weitere-details-zum-mutmasslichen-taeter-bekannt.jpg')\"   loading=\"eager\" src=\"https:\/\/www.europesays.com\/de\/wp-content\/uploads\/2025\/05\/die-gedenkstaette-ahlem-in-hannover-archivbild-ende-januar-wurden-dort-blumenkraenze-zerstoert-nun-s.jpeg\" alt=\"urn:newsml:dpa.com:20090101:250530-935-620296\" title=\"urn:newsml:dpa.com:20090101:250530-935-620296\" width=\"800\" height=\"450\" class=\"bg-[url:var(--lqipURL)] bg-cover bg-center flex w-full max-w-full h-full\" decoding=\"async\"\/><img style=\"--width:32;--height:32\" loading=\"lazy\" src=\"https:\/\/www.europesays.com\/de\/wp-content\/uploads\/2025\/05\/zoom-in.f7dae02f.svg.svg+xml\" alt=\"Vergr\u00f6\u00dfern des Bildes\" title=\"Vergr\u00f6\u00dfern des Bildes\" class=\"&#10;        block&#10;        h-[calc(var(--height)_\/_16_*_1rem)]&#10;        w-[calc(var(--width)_\/_16_*_1rem)]&#10;        max-w-none&#10;        absolute bottom-8 right-8 rounded-4 bg-snow p-8\" decoding=\"async\"\/><\/a><\/p>\n<p>Die Gedenkst\u00e4tte Ahlem in Hannover (Archivbild): Ende Januar wurden dort Blumenkr\u00e4nze zerst\u00f6rt. Nun sind weitere Details zum mutma\u00dflichen T\u00e4ter bekannt. (Quelle: Julian Stratenschulte \/ dpa)<\/p>\n<p>Vorlesen<a rel=\"nofollow noopener\" target=\"_blank\" class=\"transition-colors duration-200 cursor-pointer text-inherit no-underline text-black bg-whitelilac rounded-8 grid items-center group py-[6px] px-8 text-12 hover:bg-magenta hover:text-whitelilac gap-8 grid-cols-[min-content_34px] hover:dark:text-salemsfur\" href=\"https:\/\/news.google.com\/publications\/CAAqBwgKMLK_twswv9rOAw\" aria-label=\"Auf Google News folgen\">News folgen<\/a><img style=\"--width:16;--height:16\" loading=\"lazy\" src=\"https:\/\/www.europesays.com\/de\/wp-content\/uploads\/2025\/04\/sharing-menu-icon.1eb71368.svg.svg+xml\" alt=\"Teilen Menu auf machen\" title=\"Teilen Menu auf machen\" class=\"&#10;        block&#10;        h-[calc(var(--height)_\/_16_*_1rem)]&#10;        w-[calc(var(--width)_\/_16_*_1rem)]&#10;        max-w-none&#10;        group-hover:invert group-hover:grayscale group-hover:contrast-200 dark:group-hover:invert dark:contrast-200 dark:grayscale dark:invert\" decoding=\"async\"\/>Artikel teilen<\/p>\n<p class=\"font-bold text-18 leading-17\">An der Gedenkst\u00e4tte Ahlem in Hannover wurden im Januar Kr\u00e4nze f\u00fcr Holocaust-Opfer besch\u00e4digt. Der Verd\u00e4chtige war zur Tatzeit AfD-Mitglied. Ein Gr\u00fcnen-Politiker fordert erneut ein Verbotsverfahren.<\/p>\n<p class=\"text-18 leading-17\">Nach einem mutma\u00dflich politisch motivierten Vandalismus an der Gedenkst\u00e4tte Ahlem in <a class=\"transition-colors duration-200 cursor-pointer text-inherit no-underline text-salemsfur md:hover:text-magenta md:hover:border-magenta md:focus:text-magenta border-current border-b border-solid break-words\" href=\"https:\/\/www.t-online.de\/region\/hannover\/\" data-sctrack=\"BodyAnchor\" target=\"_blank\" rel=\"noopener\">Hannover<\/a> steht nun fest, dass der 25 Jahre alte Rechtsextremist zum Zeitpunkt der Tat Mitglied der <a class=\"transition-colors duration-200 cursor-pointer text-inherit no-underline text-salemsfur md:hover:text-magenta md:hover:border-magenta md:focus:text-magenta border-current border-b border-solid break-words\" href=\"https:\/\/www.t-online.de\/themen\/alternative-fuer-deutschland\/\" data-sctrack=\"BodyAnchor\" target=\"_blank\" rel=\"noopener\">AfD<\/a> war. Diese best\u00e4tigte die Polizei t-online am Freitag. Der Mann soll Ende Januar mehrere Blumenkr\u00e4nze zerst\u00f6rt und gestohlen haben, die w\u00e4hrend einer Gedenkstunde f\u00fcr Holocaust-Opfer niedergelegt worden waren.<\/p>\n<p class=\"text-18 leading-17\">Wie ein Polizeisprecher mitteilt, entdeckten Einsatzkr\u00e4fte bei einer Durchsuchung ein Schreiben des AfD-Landesverbands Niedersachsen. Es sei auf den 20. Januar 2025 datiert und best\u00e4tige eine bereits seit einigen Wochen bestehende Vollmitgliedschaft des Mannes. Zuvor hatte die Hannoversche Allgemeine Zeitung \u00fcber die Parteizugeh\u00f6rigkeit berichtet.<\/p>\n<p class=\"text-18 leading-17\">Die AfD teilte der Deutschen Presse-Agentur mit, dass es sich um eine ung\u00fcltige Mitgliedschaft gehandelt habe. Der Mann habe bei seinem Aufnahmeantrag verschwiegen, dass er zuvor Mitglied bei der rechtsextremen Partei Die Heimat (vormals NPD) und deren Jugendorganisation Junge Nationalisten war. Diese Gruppierungen st\u00fcnden auf der Unvereinbarkeitsliste der Partei, auch ehemalige Mitglieder w\u00fcrden grunds\u00e4tzlich nicht aufgenommen.<\/p>\n<p class=\"text-18 leading-17\">&#8222;Sobald die Identit\u00e4t der beschuldigten Person klar war, wurde die Mitgliedschaft annulliert&#8220;, so ein Parteisprecher. Eine Anfrage von t-online hierzu blieb von der AfD-Fraktion Hannover unbeantwortet.<\/p>\n<p class=\"text-18 leading-17\">Bei einer Hausdurchsuchung fanden Ermittler nicht nur Beweismaterial zur Tat in Ahlem, sondern auch eine Maschinenpistole und Munition. Zudem wird ihm ein Versto\u00df gegen das Bet\u00e4ubungsmittelgesetz vorgeworfen.<\/p>\n<p class=\"text-18 leading-17\">Der Gr\u00fcnen-Politiker und nieders\u00e4chsischer Landtagsabgeordneter Micheal L\u00fchmann ist \u00fcber die AfD-Parteimitgliedschaft des mutma\u00dflichen T\u00e4ters nicht \u00fcberrascht, wie er t-online auf Anfrage erkl\u00e4rt: &#8222;Wir kennen dieses T\u00e4terprofil: gewaltt\u00e4tig, bewaffneter Nazi mit AfD-N\u00e4he&#8220;. So sei es beispielsweise auch beim Attent\u00e4ter von <a class=\"transition-colors duration-200 cursor-pointer text-inherit no-underline text-salemsfur md:hover:text-magenta md:hover:border-magenta md:focus:text-magenta border-current border-b border-solid break-words\" href=\"https:\/\/www.t-online.de\/themen\/walter-luebcke\/\" data-sctrack=\"BodyAnchor\" target=\"_blank\" rel=\"noopener\">Walter L\u00fcbcke<\/a> gewesen.<\/p>\n<p class=\"text-18 leading-17\">&#8222;Ich kann an der Stelle nur meine Forderung wiederholen, dass wir umgehend die AFD entwaffnen m\u00fcssen&#8220;, so L\u00fchmann weiter. Zudem sei nun einmal mehr klar geworden, dass ein AfD-Verbotsverfahren unumg\u00e4nglich sei.<\/p>\n<p class=\"text-18 leading-17\">&#8222;Von der AfD selbst erwarte ich gar nichts, die haben die Mitgliedschaft bis zuletzt geleugnet, mit Rechtsmitteln gedroht, ihr hochgef\u00e4hrliches Mitglied gesch\u00fctzt&#8220;, beschreibt L\u00fchmann. Um dem rapiden Anstieg rechter Straftaten entgegenzuwirken, m\u00fcsse \u00f6ffentlich unter anderem klarer \u00fcber Radikalisierung im Land gesprochen und Propaganda in den sozialen Medien bek\u00e4mpft werden.<\/p>\n<p class=\"text-18 leading-17\">Im Mai wurde der 25-J\u00e4hrige in <a class=\"transition-colors duration-200 cursor-pointer text-inherit no-underline text-salemsfur md:hover:text-magenta md:hover:border-magenta md:focus:text-magenta border-current border-b border-solid break-words\" href=\"https:\/\/www.t-online.de\/themen\/ungarn\/\" data-sctrack=\"BodyAnchor\" target=\"_blank\" rel=\"noopener\">Ungarn<\/a> festgenommen und nach Deutschland \u00fcberstellt. Nach Angaben der Staatsanwaltschaft befindet er sich weiterhin in Untersuchungshaft.<\/p>\n<p class=\"text-18 leading-17\">Die AfD verurteilte die Tat scharf: &#8222;Die Gedenkst\u00e4tte erinnert an die entsetzlichen Verbrechen der Hitlerzeit. Sie zu sch\u00e4nden, ist abscheulich&#8220;, hie\u00df es in der Stellungnahme. Man werde sich mit dem Team der Gedenkst\u00e4tte in Verbindung setzen, um Solidarit\u00e4t zu bekunden. F\u00fcr Personen, die an einem solchen Ort Straftaten begehen, sei in der Partei kein Platz. Nach Angaben der Staatsanwaltschaft befindet sich der 25-J\u00e4hrige weiterhin in Untersuchungshaft.<\/p>\n","protected":false},"excerpt":{"rendered":"Vandalismus an NS-Gedenkst\u00e4tte Mutma\u00dflicher T\u00e4ter war AfD-Mitglied \u2013 Partei habe nichts gewusst 30.05.2025 &#8211; 15:04 UhrLesedauer: 2 Min.&hellip;\n","protected":false},"author":2,"featured_media":151567,"comment_status":"","ping_status":"","sticky":false,"template":"","format":"standard","meta":{"footnotes":""},"categories":[1836],"tags":[186,22693,3364,29,2416,30,46,1411,121,53851,9026,33727],"class_list":{"0":"post-151566","1":"post","2":"type-post","3":"status-publish","4":"format-standard","5":"has-post-thumbnail","7":"category-hannover","8":"tag-afd","9":"tag-ahlem","10":"tag-de","11":"tag-deutschland","12":"tag-gedenkstaette","13":"tag-germany","14":"tag-hannover","15":"tag-niedersachsen","16":"tag-polizei","17":"tag-tatzeit","18":"tag-vandalismus","19":"tag-verbotsverfahren"},"share_on_mastodon":{"url":"https:\/\/pubeurope.com\/@de\/114596944746261058","error":""},"_links":{"self":[{"href":"https:\/\/www.europesays.com\/de\/wp-json\/wp\/v2\/posts\/151566","targetHints":{"allow":["GET"]}}],"collection":[{"href":"https:\/\/www.europesays.com\/de\/wp-json\/wp\/v2\/posts"}],"about":[{"href":"https:\/\/www.europesays.com\/de\/wp-json\/wp\/v2\/types\/post"}],"author":[{"embeddable":true,"href":"https:\/\/www.europesays.com\/de\/wp-json\/wp\/v2\/users\/2"}],"replies":[{"embeddable":true,"href":"https:\/\/www.europesays.com\/de\/wp-json\/wp\/v2\/comments?post=151566"}],"version-history":[{"count":0,"href":"https:\/\/www.europesays.com\/de\/wp-json\/wp\/v2\/posts\/151566\/revisions"}],"wp:featuredmedia":[{"embeddable":true,"href":"https:\/\/www.europesays.com\/de\/wp-json\/wp\/v2\/media\/151567"}],"wp:attachment":[{"href":"https:\/\/www.europesays.com\/de\/wp-json\/wp\/v2\/media?parent=151566"}],"wp:term":[{"taxonomy":"category","embeddable":true,"href":"https:\/\/www.europesays.com\/de\/wp-json\/wp\/v2\/categories?post=151566"},{"taxonomy":"post_tag","embeddable":true,"href":"https:\/\/www.europesays.com\/de\/wp-json\/wp\/v2\/tags?post=151566"}],"curies":[{"name":"wp","href":"https:\/\/api.w.org\/{rel}","templated":true}]}}