{"id":151578,"date":"2025-05-30T13:14:12","date_gmt":"2025-05-30T13:14:12","guid":{"rendered":"https:\/\/www.europesays.com\/de\/151578\/"},"modified":"2025-05-30T13:14:12","modified_gmt":"2025-05-30T13:14:12","slug":"von-gestohlenen-raedern-bis-haftbefehlen","status":"publish","type":"post","link":"https:\/\/www.europesays.com\/de\/151578\/","title":{"rendered":"Von gestohlenen R\u00e4dern bis Haftbefehlen"},"content":{"rendered":"<p>Kontrollen am Sulterkamp <\/p>\n<p>Polizei findet gestohlene Fahrr\u00e4der \u2013 Haftbefehle<\/p>\n<p>30.05.2025 &#8211; 14:39 UhrLesedauer: 1 Min.<\/p>\n<p><a href=\"#focus-0\" class=\"transition-colors duration-200 focus-within:text-magenta block text-current relative\" data-sctrack=\"FocusGalleryImage.Reference\"><img fetchpriority=\"high\" data-testid=\"Opener.Image\" style=\"--lqipURL:url('https:\/\/images.t-online.de\/2025\/05\/ldtodj6HSYDz\/0x268:2856x1606\/fit-in\/150x0\/filters:blur(25)\/image.jpg')\"   loading=\"eager\" src=\"https:\/\/www.europesays.com\/de\/wp-content\/uploads\/2025\/05\/1748610851_109_image.jpg\" alt=\"Kontrollstelle der Polizei am Sulterkamp: Hier wurden mehrere Haftbefehle vollstreckt.\" title=\"Kontrollstelle der Polizei am Sulterkamp: Hier wurden mehrere Haftbefehle vollstreckt.\" width=\"2856\" height=\"1606\" class=\"bg-[url:var(--lqipURL)] bg-cover bg-center flex w-full max-w-full h-full\" decoding=\"async\"\/><img style=\"--width:32;--height:32\" loading=\"lazy\" src=\"https:\/\/www.europesays.com\/de\/wp-content\/uploads\/2025\/05\/zoom-in.f7dae02f.svg.svg+xml\" alt=\"Vergr\u00f6\u00dfern des Bildes\" title=\"Vergr\u00f6\u00dfern des Bildes\" class=\"&#10;        block&#10;        h-[calc(var(--height)_\/_16_*_1rem)]&#10;        w-[calc(var(--width)_\/_16_*_1rem)]&#10;        max-w-none&#10;        absolute bottom-8 right-8 rounded-4 bg-snow p-8\" decoding=\"async\"\/><\/a><\/p>\n<p>Kontrollstelle der Polizei am Sulterkamp: Hier wurden mehrere Haftbefehle vollstreckt.<\/p>\n<p class=\"font-bold text-18 leading-17\">Bei einer Kontrolle am Sulterkamp in Essen entdeckt die Polizei zwei gestohlene Fahrr\u00e4der. Mehrere Haftbefehle werden vollstreckt.<\/p>\n<p class=\"text-18 leading-17\">Bei einem gemeinsamen Einsatz der Polizei, des Zolls und der Stadt Essen am Mittwochabend (28. Mai) wurden mehrere Erfolge erzielt. Die Beh\u00f6rden f\u00fchrten Anhaltekontrollen am Sulterkamp durch, wobei sie gegen 22 Uhr eine Kontrollstelle auf einem Parkplatz einrichteten. Insgesamt kontrollierten die Einsatzkr\u00e4fte etwa 100 Fahrzeuge und 115 Personen.<\/p>\n<p class=\"text-18 leading-17\">Im Zuge der Ma\u00dfnahmen entdeckte die Polizei in zwei Transportern jeweils ein gestohlenes Fahrrad \u2013 ein Pedelec und ein Mountainbike. Gegen die Fahrer, einen 28-J\u00e4hrigen und einen 33-j\u00e4hrigen Mann, leiteten sie Ermittlungen wegen des Verdachts auf Hehlerei ein. Beide Fahrr\u00e4der wurden sichergestellt.<\/p>\n<p class=\"text-18 leading-17\">Des Weiteren wurde bei der Kontrolle eines Lkw festgestellt, dass gegen einen der beiden Fahrer ein Haftbefehl vorlag. Er konnte nach Zahlung einer Geldstrafe eine Inhaftierung verhindern.<\/p>\n<p class=\"text-18 leading-17\">Ein weiterer Fahrer zahlte ebenfalls zur Abwendung von zwei bestehenden Haftbefehlen. Zudem ergab sich bei einem Fahrzeugf\u00fchrer der Verdacht auf Drogenkonsum; eine entsprechende Blutprobe wurde entnommen und ein Verfahren eingeleitet.<\/p>\n","protected":false},"excerpt":{"rendered":"Kontrollen am Sulterkamp Polizei findet gestohlene Fahrr\u00e4der \u2013 Haftbefehle 30.05.2025 &#8211; 14:39 UhrLesedauer: 1 Min. Kontrollstelle der Polizei&hellip;\n","protected":false},"author":2,"featured_media":151579,"comment_status":"","ping_status":"","sticky":false,"template":"","format":"standard","meta":{"footnotes":""},"categories":[1834],"tags":[722,3364,29,3688,1234,514,30,503,48011,1209,176,121,3856],"class_list":{"0":"post-151578","1":"post","2":"type-post","3":"status-publish","4":"format-standard","5":"has-post-thumbnail","7":"category-essen","8":"tag-722","9":"tag-de","10":"tag-deutschland","11":"tag-essen","12":"tag-fahrrad","13":"tag-fahrzeug","14":"tag-germany","15":"tag-haftbefehl","16":"tag-kontrollstelle","17":"tag-nordrhein-westfalen","18":"tag-nrw","19":"tag-polizei","20":"tag-ruhrgebiet"},"share_on_mastodon":{"url":"https:\/\/pubeurope.com\/@de\/114596969205032088","error":""},"_links":{"self":[{"href":"https:\/\/www.europesays.com\/de\/wp-json\/wp\/v2\/posts\/151578","targetHints":{"allow":["GET"]}}],"collection":[{"href":"https:\/\/www.europesays.com\/de\/wp-json\/wp\/v2\/posts"}],"about":[{"href":"https:\/\/www.europesays.com\/de\/wp-json\/wp\/v2\/types\/post"}],"author":[{"embeddable":true,"href":"https:\/\/www.europesays.com\/de\/wp-json\/wp\/v2\/users\/2"}],"replies":[{"embeddable":true,"href":"https:\/\/www.europesays.com\/de\/wp-json\/wp\/v2\/comments?post=151578"}],"version-history":[{"count":0,"href":"https:\/\/www.europesays.com\/de\/wp-json\/wp\/v2\/posts\/151578\/revisions"}],"wp:featuredmedia":[{"embeddable":true,"href":"https:\/\/www.europesays.com\/de\/wp-json\/wp\/v2\/media\/151579"}],"wp:attachment":[{"href":"https:\/\/www.europesays.com\/de\/wp-json\/wp\/v2\/media?parent=151578"}],"wp:term":[{"taxonomy":"category","embeddable":true,"href":"https:\/\/www.europesays.com\/de\/wp-json\/wp\/v2\/categories?post=151578"},{"taxonomy":"post_tag","embeddable":true,"href":"https:\/\/www.europesays.com\/de\/wp-json\/wp\/v2\/tags?post=151578"}],"curies":[{"name":"wp","href":"https:\/\/api.w.org\/{rel}","templated":true}]}}