{"id":151580,"date":"2025-05-30T13:15:13","date_gmt":"2025-05-30T13:15:13","guid":{"rendered":"https:\/\/www.europesays.com\/de\/151580\/"},"modified":"2025-05-30T13:15:13","modified_gmt":"2025-05-30T13:15:13","slug":"rot-weiss-essen-quarshie-transfer-bringt-ausbildungsentschaedigung","status":"publish","type":"post","link":"https:\/\/www.europesays.com\/de\/151580\/","title":{"rendered":"Rot-Weiss Essen: Quarshie-Transfer bringt Ausbildungsentsch\u00e4digung"},"content":{"rendered":"<p>Newsblog zu Rot-Weiss Essen <\/p>\n<p>RWE erh\u00e4lt Finanzspritze durch Quarshie-Wechsel<\/p>\n<p>Aktualisiert am 30.05.2025 &#8211; 14:55 UhrLesedauer: 36 Min.<\/p>\n<p><a href=\"#focus-0\" class=\"transition-colors duration-200 focus-within:text-magenta block text-current relative\" data-sctrack=\"FocusGalleryImage.Reference\"><img fetchpriority=\"high\" data-testid=\"Opener.Image\" style=\"--lqipURL:url('https:\/\/images.t-online.de\/2025\/05\/Pa9d4mRlUQtY\/0x209:4000x2250\/fit-in\/150x0\/filters:blur(25)\/image.jpg')\"   loading=\"eager\" src=\"https:\/\/www.europesays.com\/de\/wp-content\/uploads\/2025\/05\/1748610912_515_image.jpg\" alt=\"imago images 1061750516\" title=\"imago images 1061750516\" width=\"4000\" height=\"2250\" class=\"bg-[url:var(--lqipURL)] bg-cover bg-center flex w-full max-w-full h-full\" decoding=\"async\"\/><img style=\"--width:32;--height:32\" loading=\"lazy\" src=\"https:\/\/www.europesays.com\/de\/wp-content\/uploads\/2025\/05\/zoom-in.f7dae02f.svg.svg+xml\" alt=\"Vergr\u00f6\u00dfern des Bildes\" title=\"Vergr\u00f6\u00dfern des Bildes\" class=\"&#10;        block&#10;        h-[calc(var(--height)_\/_16_*_1rem)]&#10;        w-[calc(var(--width)_\/_16_*_1rem)]&#10;        max-w-none&#10;        absolute bottom-8 right-8 rounded-4 bg-snow p-8\" decoding=\"async\"\/><\/a><\/p>\n<p>Joshua Quarshie (Archivbild): Der ehemalige Jugendspieler von Rot-Weiss Essen wechselt von der TSG Hoffenheim zum FC Southampton. (Quelle: IMAGO\/Michael Taeger)<\/p>\n<p class=\"font-bold text-18 leading-17\">Rot-Weiss Essen ist einer der traditionsreichsten Fu\u00dfballvereine Deutschlands. Im Newsblog finden Sie alle wichtigen Meldungen und Entwicklungen rund um den Verein von der Hafenstra\u00dfe.<\/p>\n<p class=\"text-18 leading-17\">Der Transfer des ehemaligen Jugendspielers Joshua Quarshie zum FC Southampton sp\u00fclt einen unerwarteten Geldbetrag in die Kasse von RWE. Die <a class=\"transition-colors duration-200 cursor-pointer text-inherit no-underline text-salemsfur md:hover:text-magenta md:hover:border-magenta md:focus:text-magenta border-current border-b border-solid break-words\" href=\"https:\/\/www.t-online.de\/themen\/tsg-1899-hoffenheim\/\" data-sctrack=\"BodyAnchor\" rel=\"nofollow noopener\" target=\"_blank\">TSG Hoffenheim<\/a>, Quarshies derzeitiger Verein, hat sich mit dem englischen Klub auf eine Abl\u00f6sesumme von 3,5 Millionen Euro geeinigt. Davon erh\u00e4lt RWE gem\u00e4\u00df Fifa-Regelwerk etwa 35.000 Euro als Ausbildungsentsch\u00e4digung. Diese Nachricht verbreitete der renommierte Transfer-Experte Fabrizio Romano am Mittwochabend.<\/p>\n<p class=\"text-18 leading-17\">Quarshie spielte von 2020 bis 2022 in der Jugend von Rot-Weiss Essen und wechselte anschlie\u00dfend nach Hoffenheim. Dort entwickelte er sich rasant und deb\u00fctierte sogar in der <a class=\"transition-colors duration-200 cursor-pointer text-inherit no-underline text-salemsfur md:hover:text-magenta md:hover:border-magenta md:focus:text-magenta border-current border-b border-solid break-words\" href=\"https:\/\/www.t-online.de\/sport\/fussball\/bundesliga\/\" data-sctrack=\"BodyAnchor\" rel=\"nofollow noopener\" target=\"_blank\">Bundesliga<\/a>. Um Spielpraxis zu sammeln, wurde er an <a class=\"transition-colors duration-200 cursor-pointer text-inherit no-underline text-salemsfur md:hover:text-magenta md:hover:border-magenta md:focus:text-magenta border-current border-b border-solid break-words\" href=\"https:\/\/www.t-online.de\/themen\/fortuna-duesseldorf\/\" data-sctrack=\"BodyAnchor\" rel=\"nofollow noopener\" target=\"_blank\">Fortuna D\u00fcsseldorf<\/a> und die <a class=\"transition-colors duration-200 cursor-pointer text-inherit no-underline text-salemsfur md:hover:text-magenta md:hover:border-magenta md:focus:text-magenta border-current border-b border-solid break-words\" href=\"https:\/\/www.t-online.de\/themen\/spvgg-greuther-fuerth\/\" data-sctrack=\"BodyAnchor\" rel=\"nofollow noopener\" target=\"_blank\">SpVgg Greuther F\u00fcrth<\/a> ausgeliehen, bevor nun der Schritt nach England folgt.<\/p>\n<p class=\"text-18 leading-17\">Nach dem Pokalsieg ist vor der neuen Saison \u2013 und da tr\u00e4umen die Fans von Rot-Weiss Essen voller Euphorie schon jetzt vom Aufstieg. Was der Trainer dazu sagt, erfahren Sie <a class=\"transition-colors duration-200 cursor-pointer text-inherit no-underline text-salemsfur md:hover:text-magenta md:hover:border-magenta md:focus:text-magenta border-current border-b border-solid break-words\" href=\"https:\/\/www.t-online.de\/region\/essen\/id_100744312\/rot-weiss-essen-trainer-koschinat-begruesst-fan-euphorie-nach-pokalsieg.html\" data-sctrack=\"BodyAnchor\" rel=\"nofollow noopener\" target=\"_blank\">hier<\/a>.<\/p>\n<p class=\"text-18 leading-17\">Der Spielbetrieb in der 3. Liga pausiert derzeit und die Spieler von Rot-Weiss Essen genie\u00dfen ihren Urlaub. Erste Termine zur Vorbereitung auf die neue Saison stehen jedoch bereits fest. Wie der Sommerfahrplan des Drittligisten aussieht, k\u00f6nnen Sie <a class=\"transition-colors duration-200 cursor-pointer text-inherit no-underline text-salemsfur md:hover:text-magenta md:hover:border-magenta md:focus:text-magenta border-current border-b border-solid break-words\" href=\"https:\/\/www.t-online.de\/region\/essen\/id_100742396\/rot-weiss-essen-diese-vorbereitungstermine-stehen-bereits-fest.html\" data-sctrack=\"BodyAnchor\" rel=\"nofollow noopener\" target=\"_blank\">hier<\/a> sehen.<\/p>\n<p class=\"text-18 leading-17\">Rot-Weiss Essen schlie\u00dft die Saison 2024\/25 auf dem achten Tabellenplatz in Liga 3 und mit dem Gewinn des Niederrheinpokals ab. Insgesamt zieht der Klub ein positives Fazit. Was genau die Klubverantwortlichen zur abgeschlossenen Spielzeit sagen, k\u00f6nnen Sie <a class=\"transition-colors duration-200 cursor-pointer text-inherit no-underline text-salemsfur md:hover:text-magenta md:hover:border-magenta md:focus:text-magenta border-current border-b border-solid break-words\" href=\"https:\/\/www.t-online.de\/region\/essen\/id_100741578\/rot-weiss-essen-vorstaende-ziehen-positive-saisonbilanz.html\" data-sctrack=\"BodyAnchor\" rel=\"nofollow noopener\" target=\"_blank\">hier<\/a> nachlesen.<\/p>\n<p class=\"text-18 leading-17\">Joseph Boyamba wird Rot-Weiss Essen nach einer entt\u00e4uschenden Saison wohl verlassen. Der Fl\u00fcgelspieler k\u00f6nnte demnach zur\u00fcck zur Zweitvertretung von <a class=\"transition-colors duration-200 cursor-pointer text-inherit no-underline text-salemsfur md:hover:text-magenta md:hover:border-magenta md:focus:text-magenta border-current border-b border-solid break-words\" href=\"https:\/\/www.t-online.de\/themen\/borussia-dortmund\/\" data-sctrack=\"BodyAnchor\" rel=\"nofollow noopener\" target=\"_blank\">Borussia Dortmund<\/a> wechseln. Das teilte das Onlineportal &#8222;RevierSport&#8220; am Montag mit.<\/p>\n<p class=\"text-18 leading-17\">Boyamba war im vergangenen Sommer als Wunschkandidat des damaligen Trainers Christoph Dabrowski nach Essen gekommen, hatte jedoch nicht die Erwartungen erf\u00fcllt und lediglich 16 Mal in der 3. Liga gespielt. Unter dem aktuellen Trainer Uwe Koschinat fand er sich ebenfalls oft auf der Bank oder Trib\u00fcne wieder.<\/p>\n<p class=\"text-18 leading-17\">Nun flirtet Boyamba offenbar mit seinem ehemaligen Team, der zweiten Mannschaft von Borussia <a class=\"transition-colors duration-200 cursor-pointer text-inherit no-underline text-salemsfur md:hover:text-magenta md:hover:border-magenta md:focus:text-magenta border-current border-b border-solid break-words\" href=\"https:\/\/www.t-online.de\/region\/dortmund\/\" data-sctrack=\"BodyAnchor\" rel=\"nofollow noopener\" target=\"_blank\">Dortmund<\/a>, angef\u00fchrt von Trainer Mike Tullberg. Beide kennen sich aus der Saison 2019\/2020, als Boyamba Kapit\u00e4n bei <a class=\"transition-colors duration-200 cursor-pointer text-inherit no-underline text-salemsfur md:hover:text-magenta md:hover:border-magenta md:focus:text-magenta border-current border-b border-solid break-words\" href=\"https:\/\/www.t-online.de\/themen\/borussia-dortmund\/\" data-sctrack=\"BodyAnchor\" rel=\"nofollow noopener\" target=\"_blank\">BVB<\/a> II war und zehn Tore in 25 Spielen erzielte.<\/p>\n<p class=\"text-18 leading-17\">Unterdessen soll sich RWE nach Verst\u00e4rkungen umschauen und hat ein Auge auf Nico Ochojski geworfen haben. Der Rechtsverteidiger l\u00f6ste k\u00fcrzlich seinen Vertrag beim SSV <a class=\"transition-colors duration-200 cursor-pointer text-inherit no-underline text-salemsfur md:hover:text-magenta md:hover:border-magenta md:focus:text-magenta border-current border-b border-solid break-words\" href=\"https:\/\/www.t-online.de\/themen\/jahn-regensburg\/\" data-sctrack=\"BodyAnchor\" rel=\"nofollow noopener\" target=\"_blank\">Jahn Regensburg<\/a> auf und k\u00f6nnte bei RWE Julian Eitschberger ersetzen, der zu <a class=\"transition-colors duration-200 cursor-pointer text-inherit no-underline text-salemsfur md:hover:text-magenta md:hover:border-magenta md:focus:text-magenta border-current border-b border-solid break-words\" href=\"https:\/\/www.t-online.de\/themen\/hertha-bsc\/\" data-sctrack=\"BodyAnchor\" rel=\"nofollow noopener\" target=\"_blank\">Hertha BSC<\/a> zur\u00fcckkehrt.<\/p>\n<p class=\"text-18 leading-17\">Ochojskis Berater Mario Neunaber sagte gegen\u00fcber RevierSport: &#8222;Es gibt noch nichts Konkretes.&#8220; Konkurrenz hat RWE aber offenbar beim Werben um den Abwehrspieler. Gespr\u00e4che laufen sowohl mit Vereinen aus der 3. Liga als auch mit einem Verein aus der <a class=\"transition-colors duration-200 cursor-pointer text-inherit no-underline text-salemsfur md:hover:text-magenta md:hover:border-magenta md:focus:text-magenta border-current border-b border-solid break-words\" href=\"https:\/\/www.t-online.de\/sport\/fussball\/2-bundesliga\/\" data-sctrack=\"BodyAnchor\" rel=\"nofollow noopener\" target=\"_blank\">2. Bundesliga<\/a> und einem Klub aus Holland.<\/p>\n","protected":false},"excerpt":{"rendered":"Newsblog zu Rot-Weiss Essen RWE erh\u00e4lt Finanzspritze durch Quarshie-Wechsel Aktualisiert am 30.05.2025 &#8211; 14:55 UhrLesedauer: 36 Min. Joshua&hellip;\n","protected":false},"author":2,"featured_media":3992,"comment_status":"","ping_status":"","sticky":false,"template":"","format":"standard","meta":{"footnotes":""},"categories":[1834],"tags":[722,3176,2533,3737,3735,3736,2294,403,3717,3364,29,49991,3715,3058,3688,31421,15959,5695,53853,3132,3727,30,8844,878,3734,53852,3721,53854,3718,1209,176,121,3714,1133,8306,968,3720],"class_list":{"0":"post-151580","1":"post","2":"type-post","3":"status-publish","4":"format-standard","5":"has-post-thumbnail","7":"category-essen","8":"tag-722","9":"tag-3176","10":"tag-2533","11":"tag-3737","12":"tag-ahmet-arslan","13":"tag-ahmet-metin-arslan","14":"tag-bank","15":"tag-bvb","16":"tag-christoph-dabrowski","17":"tag-de","18":"tag-deutschland","19":"tag-dominik-ernst","20":"tag-duisburg","21":"tag-england","22":"tag-essen","23":"tag-fabrizio-romano","24":"tag-fc-southampton","25":"tag-fifa","26":"tag-finanzspritze","27":"tag-fortuna-duesseldorf","28":"tag-fussballverein","29":"tag-germany","30":"tag-hoffenheim","31":"tag-jahn-regensburg","32":"tag-jakob-golz","33":"tag-joshua-quarshie","34":"tag-msv-duisburg","35":"tag-nico-ochojski","36":"tag-niederrheinpokal","37":"tag-nordrhein-westfalen","38":"tag-nrw","39":"tag-polizei","40":"tag-rot-weiss-essen","41":"tag-rwe","42":"tag-spvgg-greuther-fuerth","43":"tag-tsg-1899-hoffenheim","44":"tag-uwe-koschinat"},"share_on_mastodon":{"url":"","error":"Validation failed: Text character limit of 500 exceeded"},"_links":{"self":[{"href":"https:\/\/www.europesays.com\/de\/wp-json\/wp\/v2\/posts\/151580","targetHints":{"allow":["GET"]}}],"collection":[{"href":"https:\/\/www.europesays.com\/de\/wp-json\/wp\/v2\/posts"}],"about":[{"href":"https:\/\/www.europesays.com\/de\/wp-json\/wp\/v2\/types\/post"}],"author":[{"embeddable":true,"href":"https:\/\/www.europesays.com\/de\/wp-json\/wp\/v2\/users\/2"}],"replies":[{"embeddable":true,"href":"https:\/\/www.europesays.com\/de\/wp-json\/wp\/v2\/comments?post=151580"}],"version-history":[{"count":0,"href":"https:\/\/www.europesays.com\/de\/wp-json\/wp\/v2\/posts\/151580\/revisions"}],"wp:featuredmedia":[{"embeddable":true,"href":"https:\/\/www.europesays.com\/de\/wp-json\/wp\/v2\/media\/3992"}],"wp:attachment":[{"href":"https:\/\/www.europesays.com\/de\/wp-json\/wp\/v2\/media?parent=151580"}],"wp:term":[{"taxonomy":"category","embeddable":true,"href":"https:\/\/www.europesays.com\/de\/wp-json\/wp\/v2\/categories?post=151580"},{"taxonomy":"post_tag","embeddable":true,"href":"https:\/\/www.europesays.com\/de\/wp-json\/wp\/v2\/tags?post=151580"}],"curies":[{"name":"wp","href":"https:\/\/api.w.org\/{rel}","templated":true}]}}