{"id":151581,"date":"2025-05-30T13:16:09","date_gmt":"2025-05-30T13:16:09","guid":{"rendered":"https:\/\/www.europesays.com\/de\/151581\/"},"modified":"2025-05-30T13:16:09","modified_gmt":"2025-05-30T13:16:09","slug":"sieglindeweg-soll-strassenbenennung-thematisch-ergaenzen","status":"publish","type":"post","link":"https:\/\/www.europesays.com\/de\/151581\/","title":{"rendered":"Sieglindeweg soll Stra\u00dfenbenennung thematisch erg\u00e4nzen"},"content":{"rendered":"<p>\t\tNibelungenlied pr\u00e4gt Stadtteil<br \/>\n\t\t\t\t\tSieglindeweg soll Stra\u00dfenbenennung thematisch erg\u00e4nzen<\/p>\n<p>\t30.05.2025 14:59 Uhr<\/p>\n<p>\t\tTeilen<\/p>\n<p>\n\tIn Merkliste \u00fcbernehmen\n<\/p>\n<p>    <a href=\"https:\/\/www.ruhrnachrichten.de\/wp-content\/uploads\/2025\/05\/30\/13\/630_0900_4753670_IMG_6057-1648x824.jpg\" target=\"_blank\" rel=\"noopener\"><\/p>\n<p>            <img loading=\"lazy\" decoding=\"async\" src=\"https:\/\/www.europesays.com\/de\/wp-content\/uploads\/2025\/05\/630_0900_4753669_IMG_6057-640x428.jpg\" width=\"640\" height=\"428\"  alt=\"Diese neue Erschlie\u00dfungsstra\u00dfe zum Baugebiet westlich des Etzelwegs in Wickede soll k\u00fcnftig Sieglindeweg hei\u00dfen.\"\/><\/p>\n<p>    <\/a><br \/>\n    Diese neue Erschlie\u00dfungsstra\u00dfe zum Baugebiet westlich des Etzelwegs in Wickede soll k\u00fcnftig Sieglindeweg hei\u00dfen. \u00a9 Andreas Schr\u00f6ter<\/p>\n<p class=\"article__teaser-text\">Wickede bekommt Zuwachs: Eine neue Stra\u00dfe soll nach Sieglinde benannt werden \u2013 der Mutter des Helden Siegfried aus der Nibelungensage.<\/p>\n<p>1 Min Lesezeit<\/p>\n<p>\n\t<a href=\"https:\/\/www.ruhrnachrichten.de\" class=\"button button--brand button--link home-button\" target=\"_blank\" rel=\"noopener\">Zur Startseite<\/a><\/p>\n","protected":false},"excerpt":{"rendered":"Nibelungenlied pr\u00e4gt Stadtteil Sieglindeweg soll Stra\u00dfenbenennung thematisch erg\u00e4nzen 30.05.2025 14:59 Uhr Teilen In Merkliste \u00fcbernehmen Diese neue Erschlie\u00dfungsstra\u00dfe&hellip;\n","protected":false},"author":2,"featured_media":151582,"comment_status":"","ping_status":"","sticky":false,"template":"","format":"standard","meta":{"footnotes":""},"categories":[1833],"tags":[3364,29,217,30,1209,3587,17109],"class_list":{"0":"post-151581","1":"post","2":"type-post","3":"status-publish","4":"format-standard","5":"has-post-thumbnail","7":"category-dortmund","8":"tag-de","9":"tag-deutschland","10":"tag-dortmund","11":"tag-germany","12":"tag-nordrhein-westfalen","13":"tag-verkehr-mobilitaet","14":"tag-wickede"},"share_on_mastodon":{"url":"","error":""},"_links":{"self":[{"href":"https:\/\/www.europesays.com\/de\/wp-json\/wp\/v2\/posts\/151581","targetHints":{"allow":["GET"]}}],"collection":[{"href":"https:\/\/www.europesays.com\/de\/wp-json\/wp\/v2\/posts"}],"about":[{"href":"https:\/\/www.europesays.com\/de\/wp-json\/wp\/v2\/types\/post"}],"author":[{"embeddable":true,"href":"https:\/\/www.europesays.com\/de\/wp-json\/wp\/v2\/users\/2"}],"replies":[{"embeddable":true,"href":"https:\/\/www.europesays.com\/de\/wp-json\/wp\/v2\/comments?post=151581"}],"version-history":[{"count":0,"href":"https:\/\/www.europesays.com\/de\/wp-json\/wp\/v2\/posts\/151581\/revisions"}],"wp:featuredmedia":[{"embeddable":true,"href":"https:\/\/www.europesays.com\/de\/wp-json\/wp\/v2\/media\/151582"}],"wp:attachment":[{"href":"https:\/\/www.europesays.com\/de\/wp-json\/wp\/v2\/media?parent=151581"}],"wp:term":[{"taxonomy":"category","embeddable":true,"href":"https:\/\/www.europesays.com\/de\/wp-json\/wp\/v2\/categories?post=151581"},{"taxonomy":"post_tag","embeddable":true,"href":"https:\/\/www.europesays.com\/de\/wp-json\/wp\/v2\/tags?post=151581"}],"curies":[{"name":"wp","href":"https:\/\/api.w.org\/{rel}","templated":true}]}}