{"id":151590,"date":"2025-05-30T13:21:14","date_gmt":"2025-05-30T13:21:14","guid":{"rendered":"https:\/\/www.europesays.com\/de\/151590\/"},"modified":"2025-05-30T13:21:14","modified_gmt":"2025-05-30T13:21:14","slug":"umbau-der-gaslaternen-geht-jetzt-in-duesseldorf-hassels-weiter","status":"publish","type":"post","link":"https:\/\/www.europesays.com\/de\/151590\/","title":{"rendered":"Umbau der Gaslaternen geht jetzt in D\u00fcsseldorf-Hassels weiter"},"content":{"rendered":"<p class=\"text_ohne_einzug richtext text-em-55 !leading-serif mx-6 desktop:mx-0\">Seit Januar hat die Stadt D\u00fcsseldorf gr\u00fcnes Licht, um gro\u00dffl\u00e4chig <a href=\"https:\/\/rp-online.de\/thema\/gaslaternen\/\" rel=\"nofollow noopener\" target=\"_blank\">Gaslaternen<\/a> umzur\u00fcsten. Durch den Entscheid des Ministeriums f\u00fcr Heimat, Kommunales, Bau und Digitalisierung des Landes <a href=\"https:\/\/rp-online.de\/thema\/nordrhein-westfalen\/\" rel=\"nofollow noopener\" target=\"_blank\">Nordrhein-Westfalen<\/a> von Dezember 2024 ist Anfang 2025 stadtweit die Umstellung von rund 4000 Gaslaternen auf LED-Technik gestartet.<\/p>\n<p class=\"richtext text-em-55 !leading-serif mx-6 desktop:mx-0\">Seit September 2020 stehen die historischen Gaslaternen unter <a href=\"https:\/\/rp-online.de\/thema\/denkmalschutz\/\" rel=\"nofollow noopener\" target=\"_blank\">Denkmalschutz<\/a>. Jede Ver\u00e4nderung, einschlie\u00dflich der Umr\u00fcstung auf Strom, bedarf daher einer denkmalrechtlichen Erlaubnis. Das Ministerium hat in seiner Entscheidung die \u00f6ffentlichen Belange Klimaschutz, dem Einsatz erneuerbarer Energien, Versorgungs- und Verkehrssicherheit als \u00fcberwiegende \u00f6ffentliche Interessen in der Abw\u00e4gung zum Belang des Denkmalschutzes eingestuft. <\/p>\n<p class=\"richtext text-em-55 !leading-serif mx-6 desktop:mx-0\">In Heerdt hat im Februar die energieeffiziente und umweltfreundliche Umr\u00fcstung von Gaslaternen begonnen. Rund 180 Leuchten sind im Linksrheinischen schon umger\u00fcstet. So ist die Siedlung Gr\u00fcnau bereits fertig. Die Arbeiten in Heerdt sind fast abgeschlossen, anschlie\u00dfend geht es in L\u00f6rick weiter. Insgesamt werden in den linksrheinischen Stadtteilen Heerdt und L\u00f6rick sowie in zwei angrenzenden Stra\u00dfen in Oberkassel rund 250 Gaslaternen durch umweltfreundliche und weiterentwickelte historische Leuchtenmodelle ausgetauscht, die dann mit Strom betrieben werden k\u00f6nnen. Im Fr\u00fchjahr wurden bereits im Rahmen einer Musterstrecke im Stadtteil Eller 29 Gasleuchten auf Strombetrieb umgestellt.<\/p>\n<p class=\"richtext text-em-55 !leading-serif mx-6 desktop:mx-0\">Und auch in Hassels starten bald in mehreren Stra\u00dfenz\u00fcgen die Arbeiten an Gaslaternen. Wichtig dabei f\u00fcr die Anwohner zu wissen: Es werden f\u00fcr den Umbau keine Anliegerbeitr\u00e4ge erhoben. F\u00fcr die Umbauma\u00dfnahmen hat die Bezirksvertretung (BV) 9 in ihrer j\u00fcngsten Sitzung (bei zwei Gegen-Stimmen von FDP und AfD) ihr Okay gegeben. 176 Gaslaternen (158 Ansatzleuchten und 18 Reihenleuchte) werden nun demn\u00e4chst auf Strombetrieb umgestellt und behalten dabei ihr Aussehen, weitere 116 werden durch moderne technische Stra\u00dfenleuchten ersetzt.<\/p>\n<p class=\"richtext text-em-55 !leading-serif mx-6 desktop:mx-0\">Ersetzt werden die Gaslaternen aus unterschiedlichen Gr\u00fcnden in diesen neun Stra\u00dfen: Braunsberger Stra\u00dfe, Erlenweg, Fr\u00f6hlenstra\u00dfe, Hasselsstra\u00dfe, Heiligenhauser Stra\u00dfe, Hoxbachstra\u00dfe, L\u00e4rchenweg, S\u00fcllenstra\u00dfe und Thorner Stra\u00dfe. Gr\u00fcnde hierf\u00fcr sind laut Stadt erh\u00f6hte lichttechnische Anforderungen, eine entsprechende st\u00e4dtebauliche Ensemblewirkung sowie die Tatsache, dass altersbedingt nicht alle heute vor Ort im Betrieb befindlichen Leuchtenteile f\u00fcr die Wiederaufbereitung und damit Wiederverwendung als neue Stromleuchte geeignet sind.<\/p>\n<p class=\"richtext text-em-55 !leading-serif mx-6 desktop:mx-0\">Auf Strom umgestellt werden die Laternen in diesen Stra\u00dfen: Am Sch\u00f6nenkamp, Bromberger Stra\u00dfe, Dasselstra\u00dfe,  Dirschauer Weg, D\u00f6rnbergstra\u00dfe, Erlenweg Nord, Ferdinandstra\u00dfe, Gnesener Stra\u00dfe, Kiefernweg, Langfuhrstra\u00dfe, L\u00e4rchenweg West, Rotdornweg, Schillstra\u00dfe, Stargarder Stra\u00dfe, T\u00f6nisstra\u00dfe und Zoppoter Stra\u00dfe.<\/p>\n<p class=\"richtext text-em-55 !leading-serif mx-6 desktop:mx-0\">Um die B\u00fcrger \u00fcber die Umr\u00fcstung zu informieren, soll an jede Leuchte ein Aufkleber platziert werden, der einen QR-Code enth\u00e4lt. Zudem soll die Detailplanung in K\u00fcrze online gestellt werden. <\/p>\n<p class=\"richtext text-em-55 !leading-serif mx-6 desktop:mx-0\">Die Arbeiten werden von den Stadtwerken D\u00fcsseldorf im Auftrag der Landeshauptstadt ausgef\u00fchrt. Sie sollen in Hassels bis voraussichtlich Herbst abgeschlossen sein. Insgesamt wird die Umr\u00fcstung der Leuchten rund 2,4 Millionen Euro kosten.<\/p>\n","protected":false},"excerpt":{"rendered":"Seit Januar hat die Stadt D\u00fcsseldorf gr\u00fcnes Licht, um gro\u00dffl\u00e4chig Gaslaternen umzur\u00fcsten. Durch den Entscheid des Ministeriums f\u00fcr&hellip;\n","protected":false},"author":2,"featured_media":151591,"comment_status":"","ping_status":"","sticky":false,"template":"","format":"standard","meta":{"footnotes":""},"categories":[1831],"tags":[3364,29,3405,48256,30,25453,5247,1209,2185,53857,53856,53855],"class_list":{"0":"post-151590","1":"post","2":"type-post","3":"status-publish","4":"format-standard","5":"has-post-thumbnail","7":"category-duesseldorf","8":"tag-de","9":"tag-deutschland","10":"tag-duesseldorf","11":"tag-gaslaternen","12":"tag-germany","13":"tag-heerdt","14":"tag-linksrheinischen","15":"tag-nordrhein-westfalen","16":"tag-strom","17":"tag-strombetrieb","18":"tag-umruestung","19":"tag-umweltfreundliche"},"share_on_mastodon":{"url":"","error":""},"_links":{"self":[{"href":"https:\/\/www.europesays.com\/de\/wp-json\/wp\/v2\/posts\/151590","targetHints":{"allow":["GET"]}}],"collection":[{"href":"https:\/\/www.europesays.com\/de\/wp-json\/wp\/v2\/posts"}],"about":[{"href":"https:\/\/www.europesays.com\/de\/wp-json\/wp\/v2\/types\/post"}],"author":[{"embeddable":true,"href":"https:\/\/www.europesays.com\/de\/wp-json\/wp\/v2\/users\/2"}],"replies":[{"embeddable":true,"href":"https:\/\/www.europesays.com\/de\/wp-json\/wp\/v2\/comments?post=151590"}],"version-history":[{"count":0,"href":"https:\/\/www.europesays.com\/de\/wp-json\/wp\/v2\/posts\/151590\/revisions"}],"wp:featuredmedia":[{"embeddable":true,"href":"https:\/\/www.europesays.com\/de\/wp-json\/wp\/v2\/media\/151591"}],"wp:attachment":[{"href":"https:\/\/www.europesays.com\/de\/wp-json\/wp\/v2\/media?parent=151590"}],"wp:term":[{"taxonomy":"category","embeddable":true,"href":"https:\/\/www.europesays.com\/de\/wp-json\/wp\/v2\/categories?post=151590"},{"taxonomy":"post_tag","embeddable":true,"href":"https:\/\/www.europesays.com\/de\/wp-json\/wp\/v2\/tags?post=151590"}],"curies":[{"name":"wp","href":"https:\/\/api.w.org\/{rel}","templated":true}]}}