{"id":151592,"date":"2025-05-30T13:22:10","date_gmt":"2025-05-30T13:22:10","guid":{"rendered":"https:\/\/www.europesays.com\/de\/151592\/"},"modified":"2025-05-30T13:22:10","modified_gmt":"2025-05-30T13:22:10","slug":"einzelhandel-in-stuttgart-nahversorgung-in-untertuerkheim-wieder-gesichert","status":"publish","type":"post","link":"https:\/\/www.europesays.com\/de\/151592\/","title":{"rendered":"Einzelhandel in Stuttgart: Nahversorgung in Untert\u00fcrkheim wieder gesichert"},"content":{"rendered":"<p>\t\t\t\t\t\t\t\t\t\t\t\t\t\t\t\t\t\t\t\t\t\t\t\t\t\t\t\t      \t\t            \t\t             \t\t\t\t   \t\t\t\t\t   <img decoding=\"async\" id=\"article-image\" fetchpriority=\"high\" alt=\"Einzelhandel in Stuttgart: Nahversorgung in Untert\u00fcrkheim  wieder gesichert\" title=\"Einzelhandel in Stuttgart: Nahversorgung in Untert\u00fcrkheim  wieder gesichert\" src=\"https:\/\/www.europesays.com\/de\/wp-content\/uploads\/2025\/05\/media.media.7a2e1782-d240-48f5-8100-0b6718370739.16x9_700.jpg\" data-linkto=\"https:\/\/www.stuttgarter-nachrichten.de\/javascript:void(0);\"\/>\t\t\t\t\t\t\t\t\t\t\t\t\t\t\t\t\t\t\t\t\t\t\t\tAm Dienstag er\u00f6ffnet der Netto-Markt im Neubau in der Biklenstra\u00dfe.\u00a0Foto: Alexander M\u00fcller\t\t\t<\/p>\n<p>Am Dienstag wird der Netto-Markt im gr\u00f6\u00dften Wohngebiet Untert\u00fcrkheims, im Wallmer, nach zwei Jahren wiederer\u00f6ffnet. 25 Wohnungen in dem Neubau werden im Herbst bezugsfertig.<\/p>\n<p>Aufatmen im Wallmer-Quartier: Mit der Wiederer\u00f6ffnung des Netto-Marktes in der Biklenstra\u00dfe ist die Nahversorgung im gr\u00f6\u00dften Wohngebiet <a href=\"https:\/\/www.stuttgarter-nachrichten.de\/thema\/Stuttgart-Untert%C3%BCrkheim\" title=\"Untert\u00fcrkheim\" class=\"art_thema\" target=\"_blank\" rel=\"noopener\">Untert\u00fcrkheim<\/a>s wieder gesichert. Neben dem Discounter bietet der f\u00fcnfst\u00f6ckige Neubau auch Platz f\u00fcr 25 Wohnungen und eine B\u00e4ckereifiliale. <\/p>\n<p>F\u00fcr viele war der Weg in den Ortskern zu lang  <\/p>\n<p>Noch wird flei\u00dfig gearbeitet, aber am Dienstag, 3. Juni, er\u00f6ffnet der neue Netto-Markt seine Pforten. Darauf haben die rund 3500 Einwohner im Wallmer lange gewartet. Denn seit dem Abriss des Flachdachgeb\u00e4udes Anfang 2023 war die Nahversorgung nicht mehr gew\u00e4hrleistet. Vor allem f\u00fcr die vielen \u00e4lteren Menschen in dem Wohngebiet war der Weg zum Wochenmarkt oder zum Cap-Markt im Ortskern viel zu weit. Daher hatte der Cap-Markt sogar einen Lieferservice ins Leben gerufen und die CDU im Bezirksbeirat zeigte sich besorgt um die Zukunft des Mikrozentrums in der Biklenstra\u00dfe mit einer alteingesessenen B\u00e4ckerei, einer Bankfiliale und weiteren kleinen Gesch\u00e4ften.<\/p>\n<p>Doch das geh\u00f6rt nun der Vergangenheit an. \u201eAuf der vergr\u00f6\u00dferten Verkaufsfl\u00e4che von 700 Quadratmetern und mit mehr als 5000 Artikeln finden unsere Kunden alles f\u00fcr den t\u00e4glichen Bedarf\u201c, versichert Christina Stylianou, die Leiterin der Unternehmenskommunikation von Netto Marken-Discount. Wie vorher stehen den Kunden vor Ort neun Stellpl\u00e4tze zur Verf\u00fcgung. Damit wird die Tradition in der Biklenstra\u00dfe, die bis in die 1990er Jahre zur\u00fcckreicht, fortgef\u00fchrt.<\/p>\n<p>Wohnungen im September bezugsfertig <\/p>\n<p>Aber nicht nur das. In dem wei\u00dfen Neubau entstehen auch 25 Wohnungen, die \u201eaber erst im September bezugsfertig sind\u201c, erl\u00e4utert Bauleiter Benjamin Vollmer. Innerhalb von zwei Jahren hat die B\u00f6blinger Niederlassung des niederl\u00e4ndischen Bauunternehmens Ten Brinke das f\u00fcnfst\u00f6ckige Geb\u00e4ude errichtet. Zwei Stockwerke verbergen sich unter der Erde. Zum einen das Lager, zum anderen eine Tiefgarage mit Fahrzeugaufzug und 25 Stellpl\u00e4tzen, die ausschlie\u00dflich f\u00fcr die Bewohner sind. <\/p>\n","protected":false},"excerpt":{"rendered":"Am Dienstag er\u00f6ffnet der Netto-Markt im Neubau in der Biklenstra\u00dfe.\u00a0Foto: Alexander M\u00fcller Am Dienstag wird der Netto-Markt im&hellip;\n","protected":false},"author":2,"featured_media":151593,"comment_status":"","ping_status":"","sticky":false,"template":"","format":"standard","meta":{"footnotes":""},"categories":[1830],"tags":[1634,3364,29,30,53859,1441,13319,53858],"class_list":{"0":"post-151592","1":"post","2":"type-post","3":"status-publish","4":"format-standard","5":"has-post-thumbnail","7":"category-stuttgart","8":"tag-baden-wuerttemberg","9":"tag-de","10":"tag-deutschland","11":"tag-germany","12":"tag-netto-markt","13":"tag-stuttgart","14":"tag-stuttgart-untertuerkheim","15":"tag-wallmer-gebiet"},"share_on_mastodon":{"url":"https:\/\/pubeurope.com\/@de\/114596999591956751","error":""},"_links":{"self":[{"href":"https:\/\/www.europesays.com\/de\/wp-json\/wp\/v2\/posts\/151592","targetHints":{"allow":["GET"]}}],"collection":[{"href":"https:\/\/www.europesays.com\/de\/wp-json\/wp\/v2\/posts"}],"about":[{"href":"https:\/\/www.europesays.com\/de\/wp-json\/wp\/v2\/types\/post"}],"author":[{"embeddable":true,"href":"https:\/\/www.europesays.com\/de\/wp-json\/wp\/v2\/users\/2"}],"replies":[{"embeddable":true,"href":"https:\/\/www.europesays.com\/de\/wp-json\/wp\/v2\/comments?post=151592"}],"version-history":[{"count":0,"href":"https:\/\/www.europesays.com\/de\/wp-json\/wp\/v2\/posts\/151592\/revisions"}],"wp:featuredmedia":[{"embeddable":true,"href":"https:\/\/www.europesays.com\/de\/wp-json\/wp\/v2\/media\/151593"}],"wp:attachment":[{"href":"https:\/\/www.europesays.com\/de\/wp-json\/wp\/v2\/media?parent=151592"}],"wp:term":[{"taxonomy":"category","embeddable":true,"href":"https:\/\/www.europesays.com\/de\/wp-json\/wp\/v2\/categories?post=151592"},{"taxonomy":"post_tag","embeddable":true,"href":"https:\/\/www.europesays.com\/de\/wp-json\/wp\/v2\/tags?post=151592"}],"curies":[{"name":"wp","href":"https:\/\/api.w.org\/{rel}","templated":true}]}}