{"id":151594,"date":"2025-05-30T13:23:12","date_gmt":"2025-05-30T13:23:12","guid":{"rendered":"https:\/\/www.europesays.com\/de\/151594\/"},"modified":"2025-05-30T13:23:12","modified_gmt":"2025-05-30T13:23:12","slug":"festnahme-in-stuttgart-super-recogniser-erkennt-raeuber","status":"publish","type":"post","link":"https:\/\/www.europesays.com\/de\/151594\/","title":{"rendered":"Festnahme in Stuttgart: Super-Recogniser erkennt R\u00e4uber"},"content":{"rendered":"<p>\t\t\t\t\t\t\t\t\t\t\t\t\t\t\t\t\t\t\t\t\t\t\t\t\t\t\t\t      \t\t            \t\t             \t\t\t\t   \t\t\t\t\t   <img decoding=\"async\" id=\"article-image\" fetchpriority=\"high\" alt=\"Festnahme in Stuttgart: Super-Recogniser erkennt R\u00e4uber\" title=\"Festnahme in Stuttgart: Super-Recogniser erkennt R\u00e4uber\" src=\"https:\/\/www.europesays.com\/de\/wp-content\/uploads\/2025\/05\/media.media.76f500d2-1f49-4b83-9c63-84ec074bf7ad.16x9_700.jpg\" data-linkto=\"https:\/\/www.stuttgarter-nachrichten.de\/javascript:void(0);\"\/>\t\t\t\t\t\t\t\t\t\t\t\t\t\t\t\t\t\t\t\t\t\t\t\tDiesen Augen entgeht nichts: Ein Super-Recogniser bei der Arbeit\u00a0Foto: Lichtgut\/Leif Piechowski (Archiv)\t\t\t<\/p>\n<p>Auch nach Feierabend schnappen Super-Recogniser immer wieder gesuchte T\u00e4ter. Wie lief das bei einem aktuellen Fall in Stuttgart?<\/p>\n<p>Die Augen eines Super-Recognisers ruhen nie. Auch nach Feierabend sind diese Polizistinnen und Polizisten mit ihren besonderen F\u00e4higkeiten immer auf Empfang. So auch wieder geschehen am Vorabend des Feiertags Himmelfahrt: Die <a href=\"https:\/\/www.stuttgarter-nachrichten.de\/thema\/Polizei\" title=\"Polizei\" class=\"art_thema\" target=\"_blank\" rel=\"noopener\">Polizei<\/a> konnte zwei 16 und 17 Jahre alte Jugendliche festnehmen, die verd\u00e4chtigt werden, am 2. Mai im M\u00f6hringer <a href=\"https:\/\/www.stuttgarter-nachrichten.de\/thema\/Freibad\" title=\"Freibad\" class=\"art_thema\" target=\"_blank\" rel=\"noopener\">Freibad<\/a> zwei 17-J\u00e4hrige geschlagen und beraubt zu haben \u2013 zusammen mit weiteren Beteiligten, die Rede war damals von einer sechsk\u00f6pfigen Gruppe. Die Polizei hatte intern Fahndungsbilder, ver\u00f6ffentlicht worden waren diese nicht. <\/p>\n<p>Der Beamte mit Super-Recogniser-F\u00e4higkeiten erkannte die zwei aus der Gruppe der mutma\u00dflichen T\u00e4ter gegen 23.40 Uhr in einer Stadtbahn der Linie U15, die in Richtung Stammheim fuhr. er verst\u00e4ndigte Kollegen, die die Jugendlichen Festnahmen, durchsuchten und Beweismaterial beschlagnahmten. Das wird nun ausgewertet. Nach den polizeilichen Ma\u00dfnahmen wurden die Tatverd\u00e4chtigen zu ihren Erziehungsberechtigten gebracht. Gesucht wurden sie wegen des Verdachts der gef\u00e4hrlichen K\u00f6rperverletzung. <\/p>\n<p>Super-Recogniser haben die F\u00e4higkeit, Menschen auch in gro\u00dfen Mengen wiederzuerkennen, von denen sie nur Fotos gesehen haben. Bei der Polizei werden Beamtinnen und Beamte, bei denen diese F\u00e4higkeit vermutet wird, mit einem Test identifiziert und zu Fahndungszwecken entsprechend eingesetzt. <\/p>\n","protected":false},"excerpt":{"rendered":"Diesen Augen entgeht nichts: Ein Super-Recogniser bei der Arbeit\u00a0Foto: Lichtgut\/Leif Piechowski (Archiv) Auch nach Feierabend schnappen Super-Recogniser immer&hellip;\n","protected":false},"author":2,"featured_media":151595,"comment_status":"","ping_status":"","sticky":false,"template":"","format":"standard","meta":{"footnotes":""},"categories":[1830],"tags":[53860,1634,3364,29,10860,30,1000,53861,121,3931,53862,1441,53863],"class_list":{"0":"post-151594","1":"post","2":"type-post","3":"status-publish","4":"format-standard","5":"has-post-thumbnail","7":"category-stuttgart","8":"tag-angriff-im-freibad","9":"tag-baden-wuerttemberg","10":"tag-de","11":"tag-deutschland","12":"tag-freibad","13":"tag-germany","14":"tag-gewalt","15":"tag-gewalt-im-freibad","16":"tag-polizei","17":"tag-sicherheit","18":"tag-sicherheit-im-freibad","19":"tag-stuttgart","20":"tag-super-recogniser"},"share_on_mastodon":{"url":"https:\/\/pubeurope.com\/@de\/114597003537471547","error":""},"_links":{"self":[{"href":"https:\/\/www.europesays.com\/de\/wp-json\/wp\/v2\/posts\/151594","targetHints":{"allow":["GET"]}}],"collection":[{"href":"https:\/\/www.europesays.com\/de\/wp-json\/wp\/v2\/posts"}],"about":[{"href":"https:\/\/www.europesays.com\/de\/wp-json\/wp\/v2\/types\/post"}],"author":[{"embeddable":true,"href":"https:\/\/www.europesays.com\/de\/wp-json\/wp\/v2\/users\/2"}],"replies":[{"embeddable":true,"href":"https:\/\/www.europesays.com\/de\/wp-json\/wp\/v2\/comments?post=151594"}],"version-history":[{"count":0,"href":"https:\/\/www.europesays.com\/de\/wp-json\/wp\/v2\/posts\/151594\/revisions"}],"wp:featuredmedia":[{"embeddable":true,"href":"https:\/\/www.europesays.com\/de\/wp-json\/wp\/v2\/media\/151595"}],"wp:attachment":[{"href":"https:\/\/www.europesays.com\/de\/wp-json\/wp\/v2\/media?parent=151594"}],"wp:term":[{"taxonomy":"category","embeddable":true,"href":"https:\/\/www.europesays.com\/de\/wp-json\/wp\/v2\/categories?post=151594"},{"taxonomy":"post_tag","embeddable":true,"href":"https:\/\/www.europesays.com\/de\/wp-json\/wp\/v2\/tags?post=151594"}],"curies":[{"name":"wp","href":"https:\/\/api.w.org\/{rel}","templated":true}]}}