{"id":15160,"date":"2025-04-08T08:26:08","date_gmt":"2025-04-08T08:26:08","guid":{"rendered":"https:\/\/www.europesays.com\/de\/15160\/"},"modified":"2025-04-08T08:26:08","modified_gmt":"2025-04-08T08:26:08","slug":"nachtresidenz-duesseldorf-prozess-nach-deckeneinsturz-startet","status":"publish","type":"post","link":"https:\/\/www.europesays.com\/de\/15160\/","title":{"rendered":"Nachtresidenz D\u00fcsseldorf: Prozess nach Deckeneinsturz startet"},"content":{"rendered":"<p class=\"richtext text-em-55 !leading-serif mx-6 desktop:mx-0\">Bei einem Deckeneinsturz in der D\u00fcsseldorfer Nachtresidenz wurden 2022 vier Menschen zum Teil schwer verletzt &#8211; nun beginnt der Prozess gegen einen m\u00f6glicherweise f\u00fcr das Ungl\u00fcck verantwortlichen Mann. Der Gesch\u00e4ftsf\u00fchrer einer Trockenbaufirma kommt wegen fahrl\u00e4ssiger K\u00f6rperverletzung auf die Anklagebank des Amtsgerichts.<\/p>\n","protected":false},"excerpt":{"rendered":"Bei einem Deckeneinsturz in der D\u00fcsseldorfer Nachtresidenz wurden 2022 vier Menschen zum Teil schwer verletzt &#8211; nun beginnt&hellip;\n","protected":false},"author":2,"featured_media":15161,"comment_status":"","ping_status":"","sticky":false,"template":"","format":"standard","meta":{"footnotes":""},"categories":[1831],"tags":[1914,3364,10298,5885,29,3405,10300,30,10299,10301,5884,1209,1269,10302,5886,5185,10297],"class_list":{"0":"post-15160","1":"post","2":"type-post","3":"status-publish","4":"format-standard","5":"has-post-thumbnail","7":"category-duesseldorf","8":"tag-1914","9":"tag-de","10":"tag-decke","11":"tag-deckeneinsturz","12":"tag-deutschland","13":"tag-duesseldorf","14":"tag-einsturz","15":"tag-germany","16":"tag-gesamtgewicht","17":"tag-gipsdecke","18":"tag-nachtresidenz","19":"tag-nordrhein-westfalen","20":"tag-prozess","21":"tag-resi","22":"tag-unglueck","23":"tag-verletzt","24":"tag-zwischendecke"},"share_on_mastodon":{"url":"https:\/\/pubeurope.com\/@de\/114301395585559482","error":""},"_links":{"self":[{"href":"https:\/\/www.europesays.com\/de\/wp-json\/wp\/v2\/posts\/15160","targetHints":{"allow":["GET"]}}],"collection":[{"href":"https:\/\/www.europesays.com\/de\/wp-json\/wp\/v2\/posts"}],"about":[{"href":"https:\/\/www.europesays.com\/de\/wp-json\/wp\/v2\/types\/post"}],"author":[{"embeddable":true,"href":"https:\/\/www.europesays.com\/de\/wp-json\/wp\/v2\/users\/2"}],"replies":[{"embeddable":true,"href":"https:\/\/www.europesays.com\/de\/wp-json\/wp\/v2\/comments?post=15160"}],"version-history":[{"count":0,"href":"https:\/\/www.europesays.com\/de\/wp-json\/wp\/v2\/posts\/15160\/revisions"}],"wp:featuredmedia":[{"embeddable":true,"href":"https:\/\/www.europesays.com\/de\/wp-json\/wp\/v2\/media\/15161"}],"wp:attachment":[{"href":"https:\/\/www.europesays.com\/de\/wp-json\/wp\/v2\/media?parent=15160"}],"wp:term":[{"taxonomy":"category","embeddable":true,"href":"https:\/\/www.europesays.com\/de\/wp-json\/wp\/v2\/categories?post=15160"},{"taxonomy":"post_tag","embeddable":true,"href":"https:\/\/www.europesays.com\/de\/wp-json\/wp\/v2\/tags?post=15160"}],"curies":[{"name":"wp","href":"https:\/\/api.w.org\/{rel}","templated":true}]}}