{"id":151605,"date":"2025-05-30T13:29:14","date_gmt":"2025-05-30T13:29:14","guid":{"rendered":"https:\/\/www.europesays.com\/de\/151605\/"},"modified":"2025-05-30T13:29:14","modified_gmt":"2025-05-30T13:29:14","slug":"abschiebefluege-in-2025-kosteten-ueber-13-mio-e","status":"publish","type":"post","link":"https:\/\/www.europesays.com\/de\/151605\/","title":{"rendered":"Abschiebefl\u00fcge in 2025 kosteten \u00fcber 1,3 Mio. \u20ac"},"content":{"rendered":"<p>Teure Charterfl\u00fcge <\/p>\n<p>Abschiebungen ab M\u00fcnchen kosteten bis zu 98.000\u202f\u20ac pro Person<\/p>\n<p>30.05.2025 &#8211; 15:23 UhrLesedauer: 2 Min.<\/p>\n<p><a href=\"#focus-0\" class=\"transition-colors duration-200 focus-within:text-magenta block text-current relative\" data-sctrack=\"FocusGalleryImage.Reference\"><img fetchpriority=\"high\" data-testid=\"Opener.Image\" style=\"--lqipURL:url('https:\/\/images.t-online.de\/2025\/05\/LfiNWz9JRaGb\/0x312:4000x2250\/fit-in\/150x0\/filters:blur(25)\/image.jpg')\"   loading=\"eager\" src=\"https:\/\/www.europesays.com\/de\/wp-content\/uploads\/2025\/05\/1748611752_870_image.jpg\" alt=\"imago 85414668\" title=\"imago 85414668\" width=\"4000\" height=\"2250\" class=\"bg-[url:var(--lqipURL)] bg-cover bg-center flex w-full max-w-full h-full\" decoding=\"async\"\/><img style=\"--width:32;--height:32\" loading=\"lazy\" src=\"https:\/\/www.europesays.com\/de\/wp-content\/uploads\/2025\/04\/zoom-in.f7dae02f.svg.svg+xml\" alt=\"Vergr\u00f6\u00dfern des Bildes\" title=\"Vergr\u00f6\u00dfern des Bildes\" class=\"&#10;        block&#10;        h-[calc(var(--height)_\/_16_*_1rem)]&#10;        w-[calc(var(--width)_\/_16_*_1rem)]&#10;        max-w-none&#10;        absolute bottom-8 right-8 rounded-4 bg-snow p-8\" decoding=\"async\"\/><\/a><\/p>\n<p>Sammelabschiebung mit Charterflug vom Flughafen M\u00fcnchen im Jahr 2018 (Archivbild): Auch im ersten Quartal 2025 wurde mit gecharterten Flugzeugen abgeschoben. (Quelle: IMAGO\/Michael Trammer)<\/p>\n<p>Vorlesen<a rel=\"nofollow noopener\" target=\"_blank\" class=\"transition-colors duration-200 cursor-pointer text-inherit no-underline text-black bg-whitelilac rounded-8 grid items-center group py-[6px] px-8 text-12 hover:bg-magenta hover:text-whitelilac gap-8 grid-cols-[min-content_34px] hover:dark:text-salemsfur\" href=\"https:\/\/news.google.com\/publications\/CAAqBwgKMOO9twsw8NjOAw\" aria-label=\"Auf Google News folgen\">News folgen<\/a><img style=\"--width:16;--height:16\" loading=\"lazy\" src=\"https:\/\/www.europesays.com\/de\/wp-content\/uploads\/2025\/04\/1743799404_27_sharing-menu-icon.1eb71368.svg.svg+xml\" alt=\"Teilen Menu auf machen\" title=\"Teilen Menu auf machen\" class=\"&#10;        block&#10;        h-[calc(var(--height)_\/_16_*_1rem)]&#10;        w-[calc(var(--width)_\/_16_*_1rem)]&#10;        max-w-none&#10;        group-hover:invert group-hover:grayscale group-hover:contrast-200 dark:group-hover:invert dark:contrast-200 dark:grayscale dark:invert\" decoding=\"async\"\/>Artikel teilen<\/p>\n<p class=\"font-bold text-18 leading-17\">Elf Abschiebefl\u00fcge starteten Anfang 2025 vom Flughafen M\u00fcnchen. Manche kosteten mehrere Hunderttausend Euro. Ein Flug nach Somalia sticht besonders hervor.<\/p>\n<p class=\"text-18 leading-17\">Im ersten Quartal 2025 starteten vom Flughafen M\u00fcnchen insgesamt elf Sammelabschiebefl\u00fcge. Eine Antwort der Bundesregierung auf die Anfrage einer Abgeordneten der Fraktion Die Linke offenbart nun: Die Gesamtkosten f\u00fcr die eingesetzten Flugger\u00e4te bei Abschiebungen vom Flughafen M\u00fcnchen im ersten Quartal beliefen sich auf rund 1,38 Millionen Euro \u2013 im Schnitt also etwa 5.600 Euro pro abgeschobene Person.<\/p>\n<p class=\"text-18 leading-17\">Die teuerste Ma\u00dfnahme betraf am 6. M\u00e4rz die Abschiebung von drei Personen nach Somalia. Begleitet wurde der Flug von insgesamt elf Bundespolizisten. Der Flug kostete knapp 294.000 Euro \u2013 umgerechnet also fast 98.000 Euro pro Person. Die hohen Kosten erkl\u00e4ren sich unter anderem durch die angespannte Sicherheitslage im Zielstaat, wie das Bayerische Landesamt f\u00fcr Asyl und R\u00fcckf\u00fchrungen auf Anfrage von t-online mitteilt. Hohe Versicherungskosten und eine gro\u00dfe Zahl an Sicherheitsbegleitungen sind die Konsequenzen.<\/p>\n<p class=\"text-18 leading-17\">Bei allen elf Fl\u00fcgen von M\u00fcnchen aus handelte es sich um sogenannte Sammelcharter \u2013 also eigens organisierte Fl\u00fcge, bei denen mehrere Personen gleichzeitig abgeschoben werden. Diese Fl\u00fcge sind in der Regel, aufgrund des h\u00f6heren Organisationsaufwandes, deutlich teurer als Abschiebungen mit Linienmaschinen.<\/p>\n<p class=\"text-18 leading-17\">Besonders kostspielig werden die Fl\u00fcge, wenn die Anzahl der abgeschobenen Personen niedrig oder die Ziell\u00e4nder weit entfernt sind, wie die Auflistung zeigt. So lagen die Kosten f\u00fcr einen Flug nach Nigeria inklusive Weiterflug nach Ghana am 22. Januar bei 375.110 Euro.<\/p>\n<p class=\"text-18 leading-17\">Deutlich g\u00fcnstiger war dagegen ein Flug ab M\u00fcnchen nach Rum\u00e4nien am 13. M\u00e4rz: <br \/>17 Personen wurden dabei f\u00fcr rund 59.000 Euro Flugkosten abgeschoben, was etwa 3.500 Euro pro Kopf entspricht.<\/p>\n<p class=\"text-18 leading-17\">Wie viele Beamte eine Abschiebung begleiten, entscheidet die Bundespolizei im Einzelfall. Ma\u00dfgeblich ist dabei die Einsch\u00e4tzung des Sicherheitsrisikos. Bei R\u00fcckf\u00fchrungen in L\u00e4nder mit angespannter Sicherheitslage \u2013 wie etwa Somalia \u2013 sind deutlich mehr Einsatzkr\u00e4fte notwendig.<\/p>\n<p class=\"text-18 leading-17\">Auch individuelle Faktoren wie die erwartete Kooperationsbereitschaft der betroffenen Personen, medizinische Anforderungen oder sprachliche Barrieren flie\u00dfen in die Personalplanung ein. So kann die Zahl der Begleitpersonen von Flug zu Flug stark schwanken \u2013 im ersten Quartal 2025 lagen die Einsatzzahlen bei Fl\u00fcgen ab M\u00fcnchen zwischen 16 und 102 Beamten pro Flug.<\/p>\n<p class=\"text-18 leading-17\">Sieben der elf Fl\u00fcge wurden durch die EU-Grenzschutzagentur Frontex mitfinanziert, die Kosten f\u00fcr die \u00fcbrigen vier Fl\u00fcge wurden vollst\u00e4ndig von Deutschland getragen.<\/p>\n<p class=\"text-18 leading-17\">Frontex unterst\u00fctzt Mitgliedstaaten bei der Durchf\u00fchrung von Abschiebungen \u2013 sowohl operativ als auch finanziell. Bei sogenannten &#8222;Joint Return Operations&#8220; koordiniert Frontex gemeinsame Charterfl\u00fcge mehrerer EU-Staaten oder beteiligt sich an der Finanzierung von nationalen R\u00fcckf\u00fchrungen. Frontex stellt dann Personal zur Verf\u00fcgung, refinanziert die Flugkosten und dokumentiert die Abl\u00e4ufe, wie auf der Website der Agentur beschrieben wird.<\/p>\n<p class=\"text-18 leading-17\">Insgesamt sechs von elf Abschiebefl\u00fcgen hatten Destinationen in S\u00fcdost- oder Osteuropa. Ziele waren unter anderem Albanien, Kosovo, Rum\u00e4nien, Moldau, Bulgarien und Kroatien. Diese Staaten gelten als &#8222;sichere Herkunftsl\u00e4nder&#8220; und werden daher regelm\u00e4\u00dfig angesteuert.<\/p>\n<p class=\"text-18 leading-17\">Die N\u00e4he und gute Flugverbindungen machen osteurop\u00e4ische L\u00e4nder zu h\u00e4ufigen Abschiebezielen \u2013 mit vergleichsweise niedrigeren Kosten pro Abschiebung im Gegensatz zu weiter entfernten Destinationen wie Somalia oder Nigeria.<\/p>\n","protected":false},"excerpt":{"rendered":"Teure Charterfl\u00fcge Abschiebungen ab M\u00fcnchen kosteten bis zu 98.000\u202f\u20ac pro Person 30.05.2025 &#8211; 15:23 UhrLesedauer: 2 Min. Sammelabschiebung&hellip;\n","protected":false},"author":2,"featured_media":151606,"comment_status":"","ping_status":"","sticky":false,"template":"","format":"standard","meta":{"footnotes":""},"categories":[1827],"tags":[722,53869,414,533,772,1173,28919,29,10647,30630,30,1268,12024,53868,226],"class_list":{"0":"post-151605","1":"post","2":"type-post","3":"status-publish","4":"format-standard","5":"has-post-thumbnail","7":"category-muenchen","8":"tag-722","9":"tag-abschiebeflug","10":"tag-abschiebung","11":"tag-asyl","12":"tag-bayern","13":"tag-bundesregierung","14":"tag-charterflug","15":"tag-deutschland","16":"tag-flughafen-muenchen","17":"tag-frontex","18":"tag-germany","19":"tag-muenchen","20":"tag-rumaenien","21":"tag-sammelabschiebung","22":"tag-t-online"},"share_on_mastodon":{"url":"https:\/\/pubeurope.com\/@de\/114597027161944318","error":""},"_links":{"self":[{"href":"https:\/\/www.europesays.com\/de\/wp-json\/wp\/v2\/posts\/151605","targetHints":{"allow":["GET"]}}],"collection":[{"href":"https:\/\/www.europesays.com\/de\/wp-json\/wp\/v2\/posts"}],"about":[{"href":"https:\/\/www.europesays.com\/de\/wp-json\/wp\/v2\/types\/post"}],"author":[{"embeddable":true,"href":"https:\/\/www.europesays.com\/de\/wp-json\/wp\/v2\/users\/2"}],"replies":[{"embeddable":true,"href":"https:\/\/www.europesays.com\/de\/wp-json\/wp\/v2\/comments?post=151605"}],"version-history":[{"count":0,"href":"https:\/\/www.europesays.com\/de\/wp-json\/wp\/v2\/posts\/151605\/revisions"}],"wp:featuredmedia":[{"embeddable":true,"href":"https:\/\/www.europesays.com\/de\/wp-json\/wp\/v2\/media\/151606"}],"wp:attachment":[{"href":"https:\/\/www.europesays.com\/de\/wp-json\/wp\/v2\/media?parent=151605"}],"wp:term":[{"taxonomy":"category","embeddable":true,"href":"https:\/\/www.europesays.com\/de\/wp-json\/wp\/v2\/categories?post=151605"},{"taxonomy":"post_tag","embeddable":true,"href":"https:\/\/www.europesays.com\/de\/wp-json\/wp\/v2\/tags?post=151605"}],"curies":[{"name":"wp","href":"https:\/\/api.w.org\/{rel}","templated":true}]}}