{"id":151607,"date":"2025-05-30T13:30:27","date_gmt":"2025-05-30T13:30:27","guid":{"rendered":"https:\/\/www.europesays.com\/de\/151607\/"},"modified":"2025-05-30T13:30:27","modified_gmt":"2025-05-30T13:30:27","slug":"demos-am-sonnabend-in-hamburg-verkehrsbehinderungen-erwartet-ndr-de-nachrichten","status":"publish","type":"post","link":"https:\/\/www.europesays.com\/de\/151607\/","title":{"rendered":"Demos am Sonnabend in Hamburg: Verkehrsbehinderungen erwartet | NDR.de &#8211; Nachrichten"},"content":{"rendered":"<p>\nStand: 30.05.2025 13:08 Uhr\n<\/p>\n<p class=\"preface\">Am Sonnabend wird es voraussichtlich voll in der Hamburger Innenstadt. Mehrere Demonstrationen sind angemeldet. Zudem wurden f\u00fcr den Ironman am Sonntag bereits erste <a href=\"https:\/\/www.ndr.de\/nachrichten\/hamburg\/Ironman-2025-Hamburg-Viele-Strassensperrungen-an-der-Strecke,ironman560.html\" title=\"Zum Artikel: Ironman 2025 Hamburg: Viele Stra\u00dfensperrungen an der Strecke\" target=\"_blank\" rel=\"noopener\">Stra\u00dfen gesperrt<\/a>.<\/p>\n<p>Vier Demos ziehen am Sonnabend durch die City. Darunter ist ein Aufzug unter dem Motto &#8222;Gemeinsam f\u00fcr Deutschland&#8220;, der von der AfD-Politikerin Nicole Jordan angemeldet wurde. Dieser startet um 13 Uhr an der Elbphilharmonie, Ziel ist der Hamburger Hauptbahnhof.<\/p>\n<p>Rund 2.000 Demonstrierende insgesamt erwartet<\/p>\n<p>Linke Gruppen haben drei Gegendemos angemeldet. Sie wollen ebenfalls ab dem Mittag protestieren. Die Aufz\u00fcge f\u00fchren vom Carl-von-Ossietzky-Platz zum G\u00e4nsemarkt, vom Hansaplatz zum Fischmarkt und vom Baumwall zum Hamburger Hauptbahnhof. Insgesamt werden rund 2.000 Demonstrierende in der Stadt erwartet.<\/p>\n<p>Polizei mit Gro\u00dfaufgebot im Einsatz<\/p>\n<p>Die Polizei will mit einem Gro\u00dfaufgebot vor Ort sein. Bei einem <a href=\"https:\/\/www.ndr.de\/nachrichten\/hamburg\/Rechte-Demo-in-Hamburg-Gegendemos-und-Grossaufgebot-der-Polizei,demo4676.html\" title=\"Zum Artikel: Rechte Demo in Hamburg - Gegendemos und Gro\u00dfaufgebot der Polizei\" target=\"_blank\" rel=\"noopener\">\u00e4hnlichen Demonstrationsgeschehen im April<\/a> gab es Auseinandersetzungen mit Gegendemonstrantinnen und -demonstranten.<\/p>\n<p>Wer mit dem Auto in die Innenstadt will, sollte Geduld mitbringen. Die Polizei appelliert, statt auf das Auto auf die \u00f6ffentlichen Verkehrsmittel zu setzen.<\/p>\n<p>Weitere Informationen<\/p>\n<p><img decoding=\"async\" src=\"https:\/\/www.europesays.com\/de\/wp-content\/uploads\/2025\/05\/triathlon1472_v-contentgross.jpg\" alt=\"Ein Radfahrer beim Ironman-Triathlon in Hamburg \u00a9 picture alliance \/ dpa Foto: Georg Wendt\" title=\"Ein Radfahrer beim Ironman-Triathlon in Hamburg\" class=\"responsive\"\/><\/p>\n<p>\nDer Triathlon-Wettbewerb mit rund 3.000 Sportlern findet am Sonntag statt. Stra\u00dfensperrungen gibt es in Hamburg noch bis Montag.<br \/>\n<a title=\"Zum Artikel: Ironman 2025 Hamburg: Viele Stra\u00dfensperrungen an der Strecke\" href=\"https:\/\/www.ndr.de\/nachrichten\/hamburg\/Ironman-2025-Hamburg-Viele-Strassensperrungen-an-der-Strecke,ironman560.html\" class=\"cta \" target=\"_blank\" rel=\"noopener\">mehr<\/a>\n<\/p>\n<p>Dieses Thema im Programm:<\/p>\n<p>NDR 90,3 |<br \/>\nNDR 90,3 Aktuell |<br \/>\n31.05.2025 | 10:00 Uhr<\/p>\n<p><img decoding=\"async\" src=\"https:\/\/www.europesays.com\/de\/wp-content\/uploads\/2025\/03\/ndr_printlogo.gif\" alt=\"NDR Logo\" title=\"NDR Logo\"\/><\/p>\n","protected":false},"excerpt":{"rendered":"Stand: 30.05.2025 13:08 Uhr Am Sonnabend wird es voraussichtlich voll in der Hamburger Innenstadt. Mehrere Demonstrationen sind angemeldet.&hellip;\n","protected":false},"author":2,"featured_media":151608,"comment_status":"","ping_status":"","sticky":false,"template":"","format":"standard","meta":{"footnotes":""},"categories":[1826],"tags":[186,3387,3388,29,28810,30,692,438,439,440,121,83],"class_list":{"0":"post-151607","1":"post","2":"type-post","3":"status-publish","4":"format-standard","5":"has-post-thumbnail","7":"category-hamburg","8":"tag-afd","9":"tag-demo","10":"tag-demos","11":"tag-deutschland","12":"tag-gegendemo","13":"tag-germany","14":"tag-hamburg","15":"tag-ndr","16":"tag-norddeutscher-rundfunk","17":"tag-norddeutschland","18":"tag-polizei","19":"tag-radio"},"share_on_mastodon":{"url":"https:\/\/pubeurope.com\/@de\/114597031158409834","error":""},"_links":{"self":[{"href":"https:\/\/www.europesays.com\/de\/wp-json\/wp\/v2\/posts\/151607","targetHints":{"allow":["GET"]}}],"collection":[{"href":"https:\/\/www.europesays.com\/de\/wp-json\/wp\/v2\/posts"}],"about":[{"href":"https:\/\/www.europesays.com\/de\/wp-json\/wp\/v2\/types\/post"}],"author":[{"embeddable":true,"href":"https:\/\/www.europesays.com\/de\/wp-json\/wp\/v2\/users\/2"}],"replies":[{"embeddable":true,"href":"https:\/\/www.europesays.com\/de\/wp-json\/wp\/v2\/comments?post=151607"}],"version-history":[{"count":0,"href":"https:\/\/www.europesays.com\/de\/wp-json\/wp\/v2\/posts\/151607\/revisions"}],"wp:featuredmedia":[{"embeddable":true,"href":"https:\/\/www.europesays.com\/de\/wp-json\/wp\/v2\/media\/151608"}],"wp:attachment":[{"href":"https:\/\/www.europesays.com\/de\/wp-json\/wp\/v2\/media?parent=151607"}],"wp:term":[{"taxonomy":"category","embeddable":true,"href":"https:\/\/www.europesays.com\/de\/wp-json\/wp\/v2\/categories?post=151607"},{"taxonomy":"post_tag","embeddable":true,"href":"https:\/\/www.europesays.com\/de\/wp-json\/wp\/v2\/tags?post=151607"}],"curies":[{"name":"wp","href":"https:\/\/api.w.org\/{rel}","templated":true}]}}