{"id":151613,"date":"2025-05-30T13:33:19","date_gmt":"2025-05-30T13:33:19","guid":{"rendered":"https:\/\/www.europesays.com\/de\/151613\/"},"modified":"2025-05-30T13:33:19","modified_gmt":"2025-05-30T13:33:19","slug":"durchsuchungen-bei-prorussischem-verein-friedensbruecke-das-ist-bekannt","status":"publish","type":"post","link":"https:\/\/www.europesays.com\/de\/151613\/","title":{"rendered":"Durchsuchungen bei prorussischem Verein Friedensbr\u00fccke \u2013 das ist bekannt"},"content":{"rendered":"<p class=\"font-sans font-medium\">Berlin. Das BKA hat mehrere Objekte durchsuchen lassen. Ermittelt wird gegen einen Verein, der prorussische K\u00e4mpfer im Donbass unterst\u00fctzen soll.<\/p>\n<p>Gro\u00dfer Polizeieinsatz am fr\u00fchen Dienstagmorgen in K\u00f6nigs Wusterhausen: Im Ortsteil <strong>Zernsdorf <\/strong>haben<strong> <\/strong>Beamte des Bundeskriminalamts ein Objekt durchsucht. Ein Sprecher des Generalbundesanwalts (GBA) best\u00e4tigte gegen\u00fcber der Berliner Morgenpost die Ma\u00dfnahme im Landkreis Dahme-Spreewald.  <\/p>\n<p>Wie die \u201eS\u00fcddeutsche Zeitung\u201c berichtet, richteten sich die Durchsuchungen gegen den prorussischen Verein \u201eFriedensbr\u00fccke \u2013 Kriegsopferhilfe e.V.\u201c Auch das Vereinsb\u00fcro in <a href=\"https:\/\/www.morgenpost.de\/bezirke\/friedrichshain-kreuzberg\/\" target=\"_blank\" rel=\"nofollow noopener\">Friedrichshain<\/a>, sowie weitere Objekte in den <a href=\"https:\/\/www.morgenpost.de\/brandenburg\/\" target=\"_blank\" rel=\"nofollow noopener\">brandenburgischen<\/a> Landkreisen Barnim und M\u00e4rkisch-Oderland wurden durchsucht. Die Ma\u00dfnahmen richteten sich laut GBA nur gegen eine Person.<\/p>\n<p>    Auch interessant<\/p>\n<p>    <img decoding=\"async\" src=\"https:\/\/www.europesays.com\/de\/wp-content\/uploads\/2025\/05\/408977403_1746801571_v1_1_200.jpeg\" class=\"block w-full aspect-[1\/1] \" alt=\"80. Jahrestag Ende Zweiter Weltkrieg - Berlin\" title=\"Demonstranten mit ukrainischen Flaggen gerieten am sowjetischen Ehrenmal mit Russland-Unterst\u00fctzern aneinander.\" loading=\"lazy\"\/><\/p>\n<p>   Verd\u00e4chtiger soll G\u00fctertransporte organisiert haben  <\/p>\n<p>    <img decoding=\"async\" src=\"https:\/\/www.europesays.com\/de\/wp-content\/uploads\/2025\/05\/409123454_1748341191_v16_9_1200.jpeg\" class=\"block w-full aspect-[16\/9] \" alt=\"Hinter dichten B\u00e4umen ist ein Fenster eines Einfamilienhauses in Zernsdorf zu sehen, in dem Durchsuchungen stattfanden.\" title=\"Hinter dichten B\u00e4umen ist ein Fenster eines Einfamilienhauses in Zernsdorf zu sehen, in dem Durchsuchungen stattfanden.\" loading=\"lazy\"\/><\/p>\n<p>\n      Hinter dichten B\u00e4umen ist ein Fenster eines Einfamilienhauses in Zernsdorf zu sehen, in dem Durchsuchungen stattfanden.<br \/>\n      \u00a9 Patrick Pleul\/dpa | Patrick Pleul\n    <\/p>\n<p>\u201eEs geht um den Vorwurf der Unterst\u00fctzung einer <strong>terroristischen Vereinigung<\/strong> im Ausland\u201c, sagte der GBA-Sprecher. Der Verd\u00e4chtige und der Verein sollen bereits \u00fcber mehrere Jahre hinweg G\u00fctertransporte in die \u201eVolksrepubliken\u201c Lugansk und Donezk organisiert haben und Spenden f\u00fcr die prorussischen Separatisten gesammelt haben. Die beiden \u201eVolksrepubliken\u201c wurden von der Bundesanwaltschaft als terroristische Vereinigungen eingestuft.<\/p>\n<p>Die Lieferungen sollen an die <strong>prorussischen Milizen<\/strong> in den beiden \u201eVolksrepubliken\u201c gegangen sein. Medienberichte von mutma\u00dflichen Waffenlieferungen best\u00e4tigte der Sprecher nicht.  <\/p>\n<p>   Haftbefehl gegen zwei Vereinsmitglieder \u2013 beide sind allerdings in Russland  <\/p>\n<p>Laut GBA wurden im Zuge der Ermittlungen auch <strong>Haftbefehl <\/strong>gegen zwei Vereinsmitglieder Liane K. und Klaus K. erlassen. Liane K., Vorsitzende der \u201eFriedensbr\u00fccke\u201c soll auf dem Telegram-Kanal des Vereins prorussische Inhalte verbreitet und unteranderem zu Blockaden gegen westliche Milit\u00e4rtransporte in Richtung Ukraine aufgerufen haben. Klaus K. soll \u00fcber ein Firmengeflecht Geld in den Donbass gesendet haben. Da sich beide zurzeit in Russland aufhalten, konnte der Haftbefehl nicht vollstreckt werden.<\/p>\n<p>Die beiden v\u00f6lkerrechtlich nicht anerkannten <strong>\u201eVolksrepubliken\u201c<\/strong> im Osten der <a href=\"https:\/\/www.morgenpost.de\/politik\/ukraine-krieg\/\" target=\"_blank\" rel=\"nofollow noopener\">Ukraine<\/a> erkl\u00e4rten sich bereits 2014 mit russischer Unterst\u00fctzung f\u00fcr unabh\u00e4ngig. Nach dem Angriff Russlands 2022 wurden in beiden Gebieten Scheinreferenden f\u00fcr eine Unabh\u00e4ngigkeit abgehalten. Lugansk und Donezk wurden im Nachgang faktisch von <a href=\"https:\/\/www.morgenpost.de\/panorama\/russland\/\" target=\"_blank\" rel=\"nofollow noopener\">Russland<\/a> annektiert.<\/p>\n<p>Der Verein \u201e<strong>Friedensbr\u00fccke\u201c <\/strong>war 2015 gegr\u00fcndet worden und organisiert laut eigenen Angaben Hilfslieferungen f\u00fcr russische B\u00fcrger im Donbass. Zuerst hatte die \u201eBZ\u201c \u00fcber den Einsatz berichtet.<\/p>\n","protected":false},"excerpt":{"rendered":"Berlin. Das BKA hat mehrere Objekte durchsuchen lassen. Ermittelt wird gegen einen Verein, der prorussische K\u00e4mpfer im Donbass&hellip;\n","protected":false},"author":2,"featured_media":151614,"comment_status":"","ping_status":"","sticky":false,"template":"","format":"standard","meta":{"footnotes":""},"categories":[1825],"tags":[1941,1939,296,1937,29,30,1940,1938],"class_list":{"0":"post-151613","1":"post","2":"type-post","3":"status-publish","4":"format-standard","5":"has-post-thumbnail","7":"category-berlin","8":"tag-aktuelle-nachrichten-aus-berlin","9":"tag-aktuelle-news-aus-berlin","10":"tag-berlin","11":"tag-berlin-news","12":"tag-deutschland","13":"tag-germany","14":"tag-nachrichten-aus-berlin","15":"tag-news-aus-berlin"},"share_on_mastodon":{"url":"https:\/\/pubeurope.com\/@de\/114597042968622504","error":""},"_links":{"self":[{"href":"https:\/\/www.europesays.com\/de\/wp-json\/wp\/v2\/posts\/151613","targetHints":{"allow":["GET"]}}],"collection":[{"href":"https:\/\/www.europesays.com\/de\/wp-json\/wp\/v2\/posts"}],"about":[{"href":"https:\/\/www.europesays.com\/de\/wp-json\/wp\/v2\/types\/post"}],"author":[{"embeddable":true,"href":"https:\/\/www.europesays.com\/de\/wp-json\/wp\/v2\/users\/2"}],"replies":[{"embeddable":true,"href":"https:\/\/www.europesays.com\/de\/wp-json\/wp\/v2\/comments?post=151613"}],"version-history":[{"count":0,"href":"https:\/\/www.europesays.com\/de\/wp-json\/wp\/v2\/posts\/151613\/revisions"}],"wp:featuredmedia":[{"embeddable":true,"href":"https:\/\/www.europesays.com\/de\/wp-json\/wp\/v2\/media\/151614"}],"wp:attachment":[{"href":"https:\/\/www.europesays.com\/de\/wp-json\/wp\/v2\/media?parent=151613"}],"wp:term":[{"taxonomy":"category","embeddable":true,"href":"https:\/\/www.europesays.com\/de\/wp-json\/wp\/v2\/categories?post=151613"},{"taxonomy":"post_tag","embeddable":true,"href":"https:\/\/www.europesays.com\/de\/wp-json\/wp\/v2\/tags?post=151613"}],"curies":[{"name":"wp","href":"https:\/\/api.w.org\/{rel}","templated":true}]}}