{"id":151617,"date":"2025-05-30T13:35:12","date_gmt":"2025-05-30T13:35:12","guid":{"rendered":"https:\/\/www.europesays.com\/de\/151617\/"},"modified":"2025-05-30T13:35:12","modified_gmt":"2025-05-30T13:35:12","slug":"berlin-bvg-johanniter-und-stadtmission-sammeln-kleiderspenden-fuer-obdachlose","status":"publish","type":"post","link":"https:\/\/www.europesays.com\/de\/151617\/","title":{"rendered":"Berlin: BVG, Johanniter und Stadtmission sammeln Kleiderspenden f\u00fcr Obdachlose"},"content":{"rendered":"<p class=\"metatextline\">Stand: 30.05.2025 14:39 Uhr<\/p>\n<p class=\"textabsatz m-ten m-offset-one l-eight l-offset-two columns twelve\">\nWer gut erhaltene Hosen, T-Shirts oder Pullover abzugeben hat, kann die Kleider am kommenden Montag und Dienstag an wohnungslose Menschen spenden. Die Berliner Verkehrsbetriebe (BVG), die Johanniter und die Stadtmission machen eine Sommersammelaktion am U-Bahnhof Innsbrucker Platz. Die Kleiderkammern seien fast leer, wie sie am Freitag gemeinsam mitteilten.<br \/>\u00a0<br \/>Gespendet werden kann am Montag zwischen 7 und 9:30 Uhr sowie am Dienstag zwischen 15:30 und 17:30 Uhr. Im Laufe der Woche sind an verschiedenen U-Bahnh\u00f6fen weitere Spendentermine geplant.<\/p>\n<p>    Nur M\u00e4nnerkleider gebraucht<\/p>\n<p class=\"textabsatz m-ten m-offset-one l-eight l-offset-two columns twelve\">\n&#8222;Die Dankbarkeit ist gro\u00df, wenn unsere G\u00e4ste saubere, gut erhaltene Kleidung bekommen &#8211; denn das Leben auf der Stra\u00dfe ist hart&#8220;, sagte Knut G\u00fcntzel, Leiter einer Johanniter-Not\u00fcbernachtung in Kreuzberg. &#8222;Kleidung wird schnell schmutzig und abgetragen und die M\u00f6glichkeiten zum Waschen oder zur Kleiderpflege sind f\u00fcr obdachlose Menschen sehr begrenzt.&#8220;<\/p>\n<p>Gebraucht w\u00fcrden derzeit nur M\u00e4nnerkleider, hie\u00df es. Auch Hygieneartikel, d\u00fcnne Jacken, neue Unterw\u00e4sche und Socken w\u00fcrden gerne entgegengenommen. Weitere Bedarfe hat die <a href=\"https:\/\/www.berliner-stadtmission.de\/sachspenden#c5682\" title=\"Berliner Stadtmission auf ihrer Webseite\" class=\"textlink--extern js-link-dialog\" rel=\"noopener noreferrer nofollow\" target=\"_blank\" data-type=\"external\">Berliner Stadtmission auf ihrer Webseite<\/a> aufgelistet.<br \/>\u00a0<br \/>Weitere Spendentermine gibt es laut BVG [<a href=\"https:\/\/www.bvg.de\/de\/service-und-kontakt\/spendenaktion\" title=\"bvg.de\" class=\"textlink--extern js-link-dialog\" rel=\"noopener noreferrer nofollow\" target=\"_blank\" data-type=\"external\">bvg.de<\/a>] auch im Juli, September und Oktober. Spenderinnen und Spender k\u00f6nnen auch die Annahmestellen der Berliner Stadtmission und der Berliner Johanniter nutzen.<\/p>\n<p>                                        <a class=\"backlink__link\" href=\"https:\/\/www.rbb24.de\/panorama\/beitrag\/2025\/05\/berlin-kleiderspende-obdachlose-sammelaktion-altkleider-wohnungslose-maennerkleidung.html\" rel=\"nofollow noopener\" target=\"_blank\"><\/p>\n<p>                                                <img decoding=\"async\" src=\"https:\/\/www.europesays.com\/de\/wp-content\/uploads\/2025\/04\/1745108282_195_lra-rbb-logo-100.svg.svg+xml\" alt=\"Rundfunk Berlin-Brandenburg\"\/><\/p>\n<p>                                        <\/a><\/p>\n","protected":false},"excerpt":{"rendered":"Stand: 30.05.2025 14:39 Uhr Wer gut erhaltene Hosen, T-Shirts oder Pullover abzugeben hat, kann die Kleider am kommenden&hellip;\n","protected":false},"author":2,"featured_media":151618,"comment_status":"","ping_status":"","sticky":false,"template":"","format":"standard","meta":{"footnotes":""},"categories":[1825],"tags":[296,29,30,2239],"class_list":{"0":"post-151617","1":"post","2":"type-post","3":"status-publish","4":"format-standard","5":"has-post-thumbnail","7":"category-berlin","8":"tag-berlin","9":"tag-deutschland","10":"tag-germany","11":"tag-rbb"},"share_on_mastodon":{"url":"https:\/\/pubeurope.com\/@de\/114597050702553345","error":""},"_links":{"self":[{"href":"https:\/\/www.europesays.com\/de\/wp-json\/wp\/v2\/posts\/151617","targetHints":{"allow":["GET"]}}],"collection":[{"href":"https:\/\/www.europesays.com\/de\/wp-json\/wp\/v2\/posts"}],"about":[{"href":"https:\/\/www.europesays.com\/de\/wp-json\/wp\/v2\/types\/post"}],"author":[{"embeddable":true,"href":"https:\/\/www.europesays.com\/de\/wp-json\/wp\/v2\/users\/2"}],"replies":[{"embeddable":true,"href":"https:\/\/www.europesays.com\/de\/wp-json\/wp\/v2\/comments?post=151617"}],"version-history":[{"count":0,"href":"https:\/\/www.europesays.com\/de\/wp-json\/wp\/v2\/posts\/151617\/revisions"}],"wp:featuredmedia":[{"embeddable":true,"href":"https:\/\/www.europesays.com\/de\/wp-json\/wp\/v2\/media\/151618"}],"wp:attachment":[{"href":"https:\/\/www.europesays.com\/de\/wp-json\/wp\/v2\/media?parent=151617"}],"wp:term":[{"taxonomy":"category","embeddable":true,"href":"https:\/\/www.europesays.com\/de\/wp-json\/wp\/v2\/categories?post=151617"},{"taxonomy":"post_tag","embeddable":true,"href":"https:\/\/www.europesays.com\/de\/wp-json\/wp\/v2\/tags?post=151617"}],"curies":[{"name":"wp","href":"https:\/\/api.w.org\/{rel}","templated":true}]}}