{"id":151619,"date":"2025-05-30T13:36:20","date_gmt":"2025-05-30T13:36:20","guid":{"rendered":"https:\/\/www.europesays.com\/de\/151619\/"},"modified":"2025-05-30T13:36:20","modified_gmt":"2025-05-30T13:36:20","slug":"berlin-zwischen-wittenbergplatz-und-fehrbelliner-platz-u3-unterbrochen-strecke-bei-tunnelarbeiten-beschaedigt","status":"publish","type":"post","link":"https:\/\/www.europesays.com\/de\/151619\/","title":{"rendered":"Berlin: Zwischen Wittenbergplatz und Fehrbelliner Platz: U3 unterbrochen &#8211; Strecke bei Tunnelarbeiten besch\u00e4digt"},"content":{"rendered":"<p class=\"metatextline\">Stand: 30.05.2025 14:35 Uhr<\/p>\n<p class=\"textabsatz m-ten m-offset-one l-eight l-offset-two columns twelve\">\nDie Berliner U-Bahn-Linie U3 ist seit dem fr\u00fchen Freitagnachmittag unterbrochen.<br \/>\u00a0<br \/>Wegen einer technischen St\u00f6rung am U-Bahnhof Spichernstra\u00dfe ist der Verkehr zwischen Wittenbergplatz und Fehrbelliner Platz eingestellt, wie ein Sprecher der Berliner Verkehrs-Betriebe (BVG) mitteilte. Derzeit werde ein Ersatzverkehr mit Bussen eingerichtet.<br \/>\u00a0<br \/>Fahrg\u00e4ste hatten von einer Durchsage berichtet, wonach die Strecke bei Tunnelarbeiten besch\u00e4digt worden sei. Der BVG-Sprecher konnte sich dazu auf Nachfrage zun\u00e4chst nicht \u00e4u\u00dfern.<\/p>\n<p class=\"textabsatz m-ten m-offset-one l-eight l-offset-two columns twelve\">\nSendung: rbb24 Inforadio, 30.05.2025, 14:00 Uhr<\/p>\n<p>                                        <a class=\"backlink__link\" href=\"https:\/\/www.rbb24.de\/panorama\/beitrag\/2025\/05\/berlin-u-bahn-u3-unterbrochen-linie-tunnelarbeiten-beschaedigt.html\" rel=\"nofollow noopener\" target=\"_blank\"><\/p>\n<p>                                                <img decoding=\"async\" src=\"https:\/\/www.europesays.com\/de\/wp-content\/uploads\/2025\/04\/1745108282_195_lra-rbb-logo-100.svg.svg+xml\" alt=\"Rundfunk Berlin-Brandenburg\"\/><\/p>\n<p>                                        <\/a><\/p>\n","protected":false},"excerpt":{"rendered":"Stand: 30.05.2025 14:35 Uhr Die Berliner U-Bahn-Linie U3 ist seit dem fr\u00fchen Freitagnachmittag unterbrochen.\u00a0Wegen einer technischen St\u00f6rung am&hellip;\n","protected":false},"author":2,"featured_media":151620,"comment_status":"","ping_status":"","sticky":false,"template":"","format":"standard","meta":{"footnotes":""},"categories":[1825],"tags":[296,29,30,2239],"class_list":{"0":"post-151619","1":"post","2":"type-post","3":"status-publish","4":"format-standard","5":"has-post-thumbnail","7":"category-berlin","8":"tag-berlin","9":"tag-deutschland","10":"tag-germany","11":"tag-rbb"},"share_on_mastodon":{"url":"https:\/\/pubeurope.com\/@de\/114597054699482027","error":""},"_links":{"self":[{"href":"https:\/\/www.europesays.com\/de\/wp-json\/wp\/v2\/posts\/151619","targetHints":{"allow":["GET"]}}],"collection":[{"href":"https:\/\/www.europesays.com\/de\/wp-json\/wp\/v2\/posts"}],"about":[{"href":"https:\/\/www.europesays.com\/de\/wp-json\/wp\/v2\/types\/post"}],"author":[{"embeddable":true,"href":"https:\/\/www.europesays.com\/de\/wp-json\/wp\/v2\/users\/2"}],"replies":[{"embeddable":true,"href":"https:\/\/www.europesays.com\/de\/wp-json\/wp\/v2\/comments?post=151619"}],"version-history":[{"count":0,"href":"https:\/\/www.europesays.com\/de\/wp-json\/wp\/v2\/posts\/151619\/revisions"}],"wp:featuredmedia":[{"embeddable":true,"href":"https:\/\/www.europesays.com\/de\/wp-json\/wp\/v2\/media\/151620"}],"wp:attachment":[{"href":"https:\/\/www.europesays.com\/de\/wp-json\/wp\/v2\/media?parent=151619"}],"wp:term":[{"taxonomy":"category","embeddable":true,"href":"https:\/\/www.europesays.com\/de\/wp-json\/wp\/v2\/categories?post=151619"},{"taxonomy":"post_tag","embeddable":true,"href":"https:\/\/www.europesays.com\/de\/wp-json\/wp\/v2\/tags?post=151619"}],"curies":[{"name":"wp","href":"https:\/\/api.w.org\/{rel}","templated":true}]}}