{"id":151621,"date":"2025-05-30T13:37:13","date_gmt":"2025-05-30T13:37:13","guid":{"rendered":"https:\/\/www.europesays.com\/de\/151621\/"},"modified":"2025-05-30T13:37:13","modified_gmt":"2025-05-30T13:37:13","slug":"fahrrad-sternfahrt-in-berlin-stadtautobahnen-fuer-autos-gesperrt","status":"publish","type":"post","link":"https:\/\/www.europesays.com\/de\/151621\/","title":{"rendered":"Fahrrad-Sternfahrt in Berlin: Stadtautobahnen f\u00fcr Autos gesperrt"},"content":{"rendered":"<p>Massive Einschr\u00e4nkungen <\/p>\n<p>Sternfahrt am Wochenende: Stadtautobahnen gesperrt<\/p>\n<p>30.05.2025 &#8211; 15:10 UhrLesedauer: 1 Min.<\/p>\n<p><a href=\"#focus-0\" class=\"transition-colors duration-200 focus-within:text-magenta block text-current relative\" data-sctrack=\"FocusGalleryImage.Reference\"><img fetchpriority=\"high\" data-testid=\"Opener.Image\" style=\"--lqipURL:url('https:\/\/images.t-online.de\/2024\/06\/HOVXPiMVlvX4\/0x417:4000x2250\/fit-in\/150x0\/filters:blur(25)\/radfahrer-bei-der-jaehrlichen-fahrrad-sternfahrt-des-adfc-durch-berlin-archivbild-die-teilnehmer-fordern-mehr-sicherheit-fuer-radfahrende-im-strassenverkehr.jpg')\"   loading=\"eager\" src=\"https:\/\/www.europesays.com\/de\/wp-content\/uploads\/2025\/05\/radfahrer-bei-der-jaehrlichen-fahrrad-sternfahrt-des-adfc-durch-berlin-archivbild-die-teilnehmer-for.jpeg\" alt=\"Radfahrer bei der j\u00e4hrlichen Fahrrad-Sternfahrt des ADFC durch Berlin (Archivbild): Die Teilnehmer fordern mehr Sicherheit f\u00fcr Radfahrende im Stra\u00dfenverkehr.\" title=\"Radfahrer bei der j\u00e4hrlichen Fahrrad-Sternfahrt des ADFC durch Berlin (Archivbild): Die Teilnehmer fordern mehr Sicherheit f\u00fcr Radfahrende im Stra\u00dfenverkehr.\" width=\"4000\" height=\"2250\" class=\"bg-[url:var(--lqipURL)] bg-cover bg-center flex w-full max-w-full h-full\" decoding=\"async\"\/><img style=\"--width:32;--height:32\" loading=\"lazy\" src=\"https:\/\/www.europesays.com\/de\/wp-content\/uploads\/2025\/05\/zoom-in.f7dae02f.svg.svg+xml\" alt=\"Vergr\u00f6\u00dfern des Bildes\" title=\"Vergr\u00f6\u00dfern des Bildes\" class=\"&#10;        block&#10;        h-[calc(var(--height)_\/_16_*_1rem)]&#10;        w-[calc(var(--width)_\/_16_*_1rem)]&#10;        max-w-none&#10;        absolute bottom-8 right-8 rounded-4 bg-snow p-8\" decoding=\"async\"\/><\/a><\/p>\n<p>Radfahrer bei der j\u00e4hrlichen Fahrrad-Sternfahrt des ADFC durch Berlin (Archivbild): Die Teilnehmer fordern mehr Sicherheit f\u00fcr Radfahrende im Stra\u00dfenverkehr. (Quelle: Seeliger\/imago-images-bilder)<\/p>\n<p class=\"font-bold text-18 leading-17\">Am 1. Juni m\u00fcssen sich Berliner auf massive Verkehrseinschr\u00e4nkungen einstellen. Grund ist die j\u00e4hrliche Fahrrad-Sternfahrt des ADFC sowie eine weitere Veranstaltung.<\/p>\n<p class=\"text-18 leading-17\">Die j\u00e4hrliche Fahrrad-Sternfahrt des Allgemeinen Deutschen Fahrrad-Clubs (ADFC) hat am 1. Juni 2025 weitreichende Auswirkungen auf den Berliner Verkehr. Nach Angaben der Verkehrsinformationszentrale <a class=\"transition-colors duration-200 cursor-pointer text-inherit no-underline text-salemsfur md:hover:text-magenta md:hover:border-magenta md:focus:text-magenta border-current border-b border-solid break-words\" href=\"https:\/\/www.t-online.de\/region\/berlin\/\" data-sctrack=\"BodyAnchor\" rel=\"nofollow noopener\" target=\"_blank\">Berlin<\/a> kommt es zwischen 10 und 16 Uhr zu umfangreichen Sperrungen im gesamten Stadtgebiet.<\/p>\n<p class=\"text-18 leading-17\">Unter dem Motto &#8222;Alle aufs Rad!&#8220; werden Teilnehmer aus ganz Europa erwartet. Sie fahren auf 20 verschiedenen Routen mit einer Gesamtl\u00e4nge von \u00fcber 1.000 Kilometern zum Gro\u00dfen Stern im Tiergarten. Dort findet parallel von 11 bis 18 Uhr das Umweltfestival der Gr\u00fcnen Liga statt.<\/p>\n<p class=\"text-18 leading-17\">Besonders gravierend sind die Einschr\u00e4nkungen auf den Autobahnen. Zwischen 12 und 14.30 Uhr sperrt die Polizei Teile der A100 und A115 in beiden Richtungen. Der Verkehr wird in dieser Zeit \u00fcber Stadtstra\u00dfen umgeleitet. Konkret betroffen sind der A100-Abschnitt zwischen Oberlandstra\u00dfe und Dreieck Funkturm (Ausfahrt Messedamm) sowie die A115 zwischen Kreuz Zehlendorf und AD Funkturm (Ausfahrt Messedamm).<\/p>\n<p class=\"text-18 leading-17\">Autofahrer m\u00fcssen sich ab 13.30 Uhr auf mehrst\u00fcndige Sperrungen und Verkehrsst\u00f6rungen in der Innenstadt einstellen. Die Polizei Berlin setzt mehrere hundert Beamte ein, um die Zufahrtsstrecken zu sichern.<\/p>\n<p class=\"text-18 leading-17\">Die Verkehrsinformationszentrale empfiehlt, f\u00fcr Fahrten in die Innenstadt U- und S-Bahn oder das Fahrrad zu nutzen. Allerdings gibt es auch im S-Bahn-Netz Streckensperrungen.<\/p>\n<p class=\"text-18 leading-17\">Zus\u00e4tzlich findet am selben Tag von 8.30 bis 15 Uhr der Berlin Triathlon in Pl\u00e4nterwald statt. Hierf\u00fcr werden Stra\u00dfen in Treptow gesperrt, unter anderem die Bulgarische Stra\u00dfe bereits ab dem Vortag.<\/p>\n","protected":false},"excerpt":{"rendered":"Massive Einschr\u00e4nkungen Sternfahrt am Wochenende: Stadtautobahnen gesperrt 30.05.2025 &#8211; 15:10 UhrLesedauer: 1 Min. Radfahrer bei der j\u00e4hrlichen Fahrrad-Sternfahrt&hellip;\n","protected":false},"author":2,"featured_media":151622,"comment_status":"","ping_status":"","sticky":false,"template":"","format":"standard","meta":{"footnotes":""},"categories":[1825],"tags":[7380,722,17161,599,296,29,2785,1234,30,5468,33641,31516,13829,53482],"class_list":{"0":"post-151621","1":"post","2":"type-post","3":"status-publish","4":"format-standard","5":"has-post-thumbnail","7":"category-berlin","8":"tag-adfc","9":"tag-722","10":"tag-17161","11":"tag-a100","12":"tag-berlin","13":"tag-deutschland","14":"tag-einschraenkung","15":"tag-fahrrad","16":"tag-germany","17":"tag-stadtautobahn","18":"tag-sternfahrt","19":"tag-treptow","20":"tag-triathlon","21":"tag-verkehrsinformationszentrale"},"share_on_mastodon":{"url":"https:\/\/pubeurope.com\/@de\/114597058898264087","error":""},"_links":{"self":[{"href":"https:\/\/www.europesays.com\/de\/wp-json\/wp\/v2\/posts\/151621","targetHints":{"allow":["GET"]}}],"collection":[{"href":"https:\/\/www.europesays.com\/de\/wp-json\/wp\/v2\/posts"}],"about":[{"href":"https:\/\/www.europesays.com\/de\/wp-json\/wp\/v2\/types\/post"}],"author":[{"embeddable":true,"href":"https:\/\/www.europesays.com\/de\/wp-json\/wp\/v2\/users\/2"}],"replies":[{"embeddable":true,"href":"https:\/\/www.europesays.com\/de\/wp-json\/wp\/v2\/comments?post=151621"}],"version-history":[{"count":0,"href":"https:\/\/www.europesays.com\/de\/wp-json\/wp\/v2\/posts\/151621\/revisions"}],"wp:featuredmedia":[{"embeddable":true,"href":"https:\/\/www.europesays.com\/de\/wp-json\/wp\/v2\/media\/151622"}],"wp:attachment":[{"href":"https:\/\/www.europesays.com\/de\/wp-json\/wp\/v2\/media?parent=151621"}],"wp:term":[{"taxonomy":"category","embeddable":true,"href":"https:\/\/www.europesays.com\/de\/wp-json\/wp\/v2\/categories?post=151621"},{"taxonomy":"post_tag","embeddable":true,"href":"https:\/\/www.europesays.com\/de\/wp-json\/wp\/v2\/tags?post=151621"}],"curies":[{"name":"wp","href":"https:\/\/api.w.org\/{rel}","templated":true}]}}