{"id":151627,"date":"2025-05-30T13:41:09","date_gmt":"2025-05-30T13:41:09","guid":{"rendered":"https:\/\/www.europesays.com\/de\/151627\/"},"modified":"2025-05-30T13:41:09","modified_gmt":"2025-05-30T13:41:09","slug":"lola-weippert-nach-temptation-island-aus-wartet-ein-neuer-job-unterhaltung","status":"publish","type":"post","link":"https:\/\/www.europesays.com\/de\/151627\/","title":{"rendered":"Lola Weippert: Nach \u201eTemptation Island\u201c-Aus wartet ein neuer Job! | Unterhaltung"},"content":{"rendered":"<p><b>Moderatorin Lola Weippert hat neun Staffeln lang bei \u201eTemptation Island\u201c und \u201eTemptation Island VIP\u201c (beide RTL) die Beziehungen von Promis und Normalos getestet. JETZT klopft f\u00fcr sie der n\u00e4chste TV-Job an der T\u00fcr.<\/b><\/p>\n<p>Das \u201eTemptation-Island\u201c-Aus war f\u00fcr die ehemalige Radiomoderatorin vor wenigen Wochen unerwartet gekommen. Doch blitzschnell dreht sich das Karriere-Rad weiter: Anstatt Liebespaare auf die Probe zu stellen, spielt Lola k\u00fcnftig Amor.<\/p>\n<p><b>Alles \u00fcber ihre neue Kuppel-Show lesen Sie mit BILDplus!<\/b><\/p>\n","protected":false},"excerpt":{"rendered":"Moderatorin Lola Weippert hat neun Staffeln lang bei \u201eTemptation Island\u201c und \u201eTemptation Island VIP\u201c (beide RTL) die Beziehungen&hellip;\n","protected":false},"author":2,"featured_media":151628,"comment_status":"","ping_status":"","sticky":false,"template":"","format":"standard","meta":{"footnotes":""},"categories":[1773],"tags":[29,214,30,20706,12015,640,471,1780,13276,45,215,29234],"class_list":{"0":"post-151627","1":"post","2":"type-post","3":"status-publish","4":"format-standard","5":"has-post-thumbnail","7":"category-serien","8":"tag-deutschland","9":"tag-entertainment","10":"tag-germany","11":"tag-moderatorin","12":"tag-reality-show","13":"tag-rtl","14":"tag-serien","15":"tag-series","16":"tag-temptation-island","17":"tag-texttospeech","18":"tag-unterhaltung","19":"tag-weippert-lola"},"share_on_mastodon":{"url":"https:\/\/pubeurope.com\/@de\/114597074228237764","error":""},"_links":{"self":[{"href":"https:\/\/www.europesays.com\/de\/wp-json\/wp\/v2\/posts\/151627","targetHints":{"allow":["GET"]}}],"collection":[{"href":"https:\/\/www.europesays.com\/de\/wp-json\/wp\/v2\/posts"}],"about":[{"href":"https:\/\/www.europesays.com\/de\/wp-json\/wp\/v2\/types\/post"}],"author":[{"embeddable":true,"href":"https:\/\/www.europesays.com\/de\/wp-json\/wp\/v2\/users\/2"}],"replies":[{"embeddable":true,"href":"https:\/\/www.europesays.com\/de\/wp-json\/wp\/v2\/comments?post=151627"}],"version-history":[{"count":0,"href":"https:\/\/www.europesays.com\/de\/wp-json\/wp\/v2\/posts\/151627\/revisions"}],"wp:featuredmedia":[{"embeddable":true,"href":"https:\/\/www.europesays.com\/de\/wp-json\/wp\/v2\/media\/151628"}],"wp:attachment":[{"href":"https:\/\/www.europesays.com\/de\/wp-json\/wp\/v2\/media?parent=151627"}],"wp:term":[{"taxonomy":"category","embeddable":true,"href":"https:\/\/www.europesays.com\/de\/wp-json\/wp\/v2\/categories?post=151627"},{"taxonomy":"post_tag","embeddable":true,"href":"https:\/\/www.europesays.com\/de\/wp-json\/wp\/v2\/tags?post=151627"}],"curies":[{"name":"wp","href":"https:\/\/api.w.org\/{rel}","templated":true}]}}